{"id":979,"date":"2014-10-26T13:24:22","date_gmt":"2014-10-26T12:24:22","guid":{"rendered":"http:\/\/garcialaso.com\/?p=979"},"modified":"2016-10-26T21:50:54","modified_gmt":"2016-10-26T19:50:54","slug":"resiliencia","status":"publish","type":"post","link":"https:\/\/garcialaso.com\/blog\/resiliencia\/","title":{"rendered":"Charla sobre resiliencia (24-10-14)"},"content":{"rendered":"<p style=\"text-align: justify;\"><span style=\"color: #000000;\">Este jueves 23 por la tarde me llam\u00f3 una desconocida para preguntarme si pod\u00eda sustituir a una ponente, Ana Art\u00e1zcoz Colomo,\u00a0que hab\u00eda sufrido un accidente, en unas jornadas que se iban a realizar al d\u00eda siguiente en la Universidad de La Rioja sobre resiliencia organizadas por el Tel\u00e9fono de la Esperanza. Me par\u00e9, fui hacia dentro, escuch\u00e9 y acept\u00e9.<\/span><\/p>\n<p style=\"text-align: justify;\"><span style=\"color: #000000;\">A pesar de no poder acudir el s\u00e1bado por la ma\u00f1ana (curiosamente por tener un seminario sobre la pel\u00edcula Los Miserables -Centro Psicoanal\u00edtico del Norte), participar en estas Jornadas ha sido un regalazo. Por lo eso se lo quiero agradecer profundamente a la persona que sugiri\u00f3 mi nombre; a Susana, bell\u00edsimo descubrimiento de persona que me ayud\u00f3 durante la conferencia; y al resto de voluntarios del Tel\u00e9fono de la Esperanza que hicieron posible este enriquecedor encuentro. Por otra parte, un enorme gracias <a href=\"https:\/\/garcialaso.com\/wp-content\/uploads\/2014\/10\/resiliencia-24-10-14.jpeg\"><img loading=\"lazy\" decoding=\"async\" class=\"alignright size-medium wp-image-981\" src=\"https:\/\/garcialaso.com\/wp-content\/uploads\/2014\/10\/resiliencia-24-10-14-208x300.jpeg\" alt=\"resiliencia-24-10-14\" width=\"208\" height=\"300\" srcset=\"https:\/\/garcialaso.com\/blog\/wp-content\/uploads\/2014\/10\/resiliencia-24-10-14-208x300.jpeg 208w, https:\/\/garcialaso.com\/blog\/wp-content\/uploads\/2014\/10\/resiliencia-24-10-14.jpeg 344w\" sizes=\"auto, (max-width: 208px) 100vw, 208px\" \/><\/a>tambi\u00e9n a los asistentes\u2026 en este dar y tomar que co-crea realidades. Por \u00faltimo, os dejo los blogs de los otros tres ponentes con los que coincid\u00ed: magn\u00edficos seres, magn\u00edficas sus aportaciones a la vida \ud83d\ude42\u00a0<\/span><\/p>\n<ul>\n<li>Jos\u00e9 Mar\u00eda Toro <a href=\"http:\/\/jmtoroa.blogspot.com.es\/\" target=\"_blank\">http:\/\/jmtoroa.blogspot.com.es<\/a><\/li>\n<li>Virginia Imaz\u00a0<a href=\"http:\/\/oihulariklown.wordpress.com\/\" target=\"_blank\">http:\/\/oihulariklown.wordpress.com<\/a><\/li>\n<li>\u00cd\u00f1igo Mart\u00ednez de Mandojana\u00a0<a href=\"http:\/\/www.dandovueltas.es\/\" target=\"_blank\">http:\/\/www.dandovueltas.es<\/a><\/li>\n<\/ul>\n<p style=\"text-align: justify;\"><span style=\"color: #000000;\">Merci, merci merci, de Merci-edes \ud83d\ude42<\/span><\/p>\n<p style=\"text-align: justify;\"><span style=\"color: #000000;\">(P.D.: Pod\u00e9is descargaros las diapositivas que utilic\u00e9 aqu\u00ed:\u00a0<a href=\"https:\/\/garcialaso.com\/wp-content\/uploads\/2014\/10\/Resiliencia-24-10-14.pdf\">Diapositivas Charla Resiliencia 24-10-14<\/a>. Y \u00e9ste es el <a href=\"https:\/\/garcialaso.com\/wp-content\/uploads\/2014\/10\/triptico-jornadas-resiliencia-24-10-2014.pdf\">triptico jornadas-resiliencia-24-10-2014<\/a>)<\/span><\/p>\n<p style=\"text-align: justify;\">Notas:<\/p>\n<p>El Kintsugi, el arte tradicional japon\u00e9s de la reparaci\u00f3n de la cer\u00e1mica rota, utiliza un potente adhesivo rociado con polvo de oro para unir los trozos. El resultado una pieza m\u00e1s fuerte que la inicial, en la que se ha realzado los defectos y faltas, en vez de intentar disimularlos. Y es que los japoneses entienden que el objeto es m\u00e1s bello por haber estado roto.<\/p>\n","protected":false},"excerpt":{"rendered":"<p>Este jueves 23 por la tarde me llam\u00f3 una desconocida para preguntarme si pod\u00eda sustituir a una ponente, Ana Art\u00e1zcoz Colomo,\u00a0que hab\u00eda sufrido un accidente, en unas jornadas que se iban a realizar al d\u00eda siguiente en la Universidad de La Rioja sobre resiliencia organizadas por el Tel\u00e9fono de la Esperanza. Me par\u00e9, fui hacia &#8230; <a title=\"Charla sobre resiliencia (24-10-14)\" class=\"read-more\" href=\"https:\/\/garcialaso.com\/blog\/resiliencia\/\">Leer m\u00e1s&#8230;<\/a><\/p>\n","protected":false},"author":2,"featured_media":981,"comment_status":"open","ping_status":"open","sticky":false,"template":"","format":"standard","meta":{"generate_page_header":"","footnotes":""},"categories":[5],"tags":[],"class_list":["post-979","post","type-post","status-publish","format-standard","has-post-thumbnail","hentry","category-actividades","generate-columns","tablet-grid-50","mobile-grid-100","grid-parent","grid-50"],"yoast_head":"<!-- This site is optimized with the Yoast SEO plugin v26.5 - https:\/\/yoast.com\/wordpress\/plugins\/seo\/ -->\n<title>Charla sobre resiliencia (24-10-14) &#8211; Blog Mercedes GarciaLaso | Psic\u00f3logo Logro\u00f1o<\/title>\n<meta name=\"description\" content=\"Resumen de charla dentro de unas Jornadas sobre Resiliencia organizadas por el Tel\u00e9fono de la Esperanza en la Universidad de La Rioja.\" \/>\n<meta name=\"robots\" content=\"index, follow, max-snippet:-1, max-image-preview:large, max-video-preview:-1\" \/>\n<link rel=\"canonical\" href=\"https:\/\/garcialaso.com\/blog\/resiliencia\/\" \/>\n<meta property=\"og:locale\" content=\"es_ES\" \/>\n<meta property=\"og:type\" content=\"article\" \/>\n<meta property=\"og:title\" content=\"Charla sobre resiliencia (24-10-14) &#8211; Blog Mercedes GarciaLaso | Psic\u00f3logo Logro\u00f1o\" \/>\n<meta property=\"og:description\" content=\"Resumen de charla dentro de unas Jornadas sobre Resiliencia organizadas por el Tel\u00e9fono de la Esperanza en la Universidad de La Rioja.\" \/>\n<meta property=\"og:url\" content=\"https:\/\/garcialaso.com\/blog\/resiliencia\/\" \/>\n<meta property=\"og:site_name\" content=\"Blog Mercedes GarciaLaso | Psic\u00f3logo Logro\u00f1o\" \/>\n<meta property=\"article:publisher\" content=\"https:\/\/www.facebook.com\/mercedesgarcialaso\" \/>\n<meta property=\"article:author\" content=\"https:\/\/www.facebook.com\/mercedesgarcialaso\" \/>\n<meta property=\"article:published_time\" content=\"2014-10-26T12:24:22+00:00\" \/>\n<meta property=\"article:modified_time\" content=\"2016-10-26T19:50:54+00:00\" \/>\n<meta property=\"og:image\" content=\"https:\/\/garcialaso.com\/blog\/wp-content\/uploads\/2014\/10\/resiliencia-24-10-14.jpeg\" \/>\n\t<meta property=\"og:image:width\" content=\"344\" \/>\n\t<meta property=\"og:image:height\" content=\"494\" \/>\n\t<meta property=\"og:image:type\" content=\"image\/jpeg\" \/>\n<meta name=\"author\" content=\"Mercedes Garcia Laso\" \/>\n<meta name=\"twitter:card\" content=\"summary_large_image\" \/>\n<meta name=\"twitter:creator\" content=\"@garcialaso\" \/>\n<meta name=\"twitter:site\" content=\"@garcialaso\" \/>\n<meta name=\"twitter:label1\" content=\"Escrito por\" \/>\n\t<meta name=\"twitter:data1\" content=\"Mercedes Garcia Laso\" \/>\n\t<meta name=\"twitter:label2\" content=\"Tiempo de lectura\" \/>\n\t<meta name=\"twitter:data2\" content=\"2 minutos\" \/>\n<script type=\"application\/ld+json\" class=\"yoast-schema-graph\">{\"@context\":\"https:\/\/schema.org\",\"@graph\":[{\"@type\":\"Article\",\"@id\":\"https:\/\/garcialaso.com\/blog\/resiliencia\/#article\",\"isPartOf\":{\"@id\":\"https:\/\/garcialaso.com\/blog\/resiliencia\/\"},\"author\":{\"name\":\"Mercedes Garcia Laso\",\"@id\":\"https:\/\/garcialaso.com\/blog\/#\/schema\/person\/3b390964103ffbefcb4c84de589aa814\"},\"headline\":\"Charla sobre resiliencia (24-10-14)\",\"datePublished\":\"2014-10-26T12:24:22+00:00\",\"dateModified\":\"2016-10-26T19:50:54+00:00\",\"mainEntityOfPage\":{\"@id\":\"https:\/\/garcialaso.com\/blog\/resiliencia\/\"},\"wordCount\":319,\"commentCount\":0,\"publisher\":{\"@id\":\"https:\/\/garcialaso.com\/blog\/#organization\"},\"image\":{\"@id\":\"https:\/\/garcialaso.com\/blog\/resiliencia\/#primaryimage\"},\"thumbnailUrl\":\"https:\/\/garcialaso.com\/blog\/wp-content\/uploads\/2014\/10\/resiliencia-24-10-14.jpeg\",\"articleSection\":[\"Actividades\"],\"inLanguage\":\"es\",\"potentialAction\":[{\"@type\":\"CommentAction\",\"name\":\"Comment\",\"target\":[\"https:\/\/garcialaso.com\/blog\/resiliencia\/#respond\"]}]},{\"@type\":\"WebPage\",\"@id\":\"https:\/\/garcialaso.com\/blog\/resiliencia\/\",\"url\":\"https:\/\/garcialaso.com\/blog\/resiliencia\/\",\"name\":\"Charla sobre resiliencia (24-10-14) &#8211; Blog Mercedes GarciaLaso | Psic\u00f3logo Logro\u00f1o\",\"isPartOf\":{\"@id\":\"https:\/\/garcialaso.com\/blog\/#website\"},\"primaryImageOfPage\":{\"@id\":\"https:\/\/garcialaso.com\/blog\/resiliencia\/#primaryimage\"},\"image\":{\"@id\":\"https:\/\/garcialaso.com\/blog\/resiliencia\/#primaryimage\"},\"thumbnailUrl\":\"https:\/\/garcialaso.com\/blog\/wp-content\/uploads\/2014\/10\/resiliencia-24-10-14.jpeg\",\"datePublished\":\"2014-10-26T12:24:22+00:00\",\"dateModified\":\"2016-10-26T19:50:54+00:00\",\"description\":\"Resumen de charla dentro de unas Jornadas sobre Resiliencia organizadas por el Tel\u00e9fono de la Esperanza en la Universidad de La Rioja.\",\"breadcrumb\":{\"@id\":\"https:\/\/garcialaso.com\/blog\/resiliencia\/#breadcrumb\"},\"inLanguage\":\"es\",\"potentialAction\":[{\"@type\":\"ReadAction\",\"target\":[\"https:\/\/garcialaso.com\/blog\/resiliencia\/\"]}]},{\"@type\":\"ImageObject\",\"inLanguage\":\"es\",\"@id\":\"https:\/\/garcialaso.com\/blog\/resiliencia\/#primaryimage\",\"url\":\"https:\/\/garcialaso.com\/blog\/wp-content\/uploads\/2014\/10\/resiliencia-24-10-14.jpeg\",\"contentUrl\":\"https:\/\/garcialaso.com\/blog\/wp-content\/uploads\/2014\/10\/resiliencia-24-10-14.jpeg\",\"width\":344,\"height\":494},{\"@type\":\"BreadcrumbList\",\"@id\":\"https:\/\/garcialaso.com\/blog\/resiliencia\/#breadcrumb\",\"itemListElement\":[{\"@type\":\"ListItem\",\"position\":1,\"name\":\"Portada\",\"item\":\"https:\/\/garcialaso.com\/blog\/\"},{\"@type\":\"ListItem\",\"position\":2,\"name\":\"Charla sobre resiliencia (24-10-14)\"}]},{\"@type\":\"WebSite\",\"@id\":\"https:\/\/garcialaso.com\/blog\/#website\",\"url\":\"https:\/\/garcialaso.com\/blog\/\",\"name\":\"Blog Mercedes GarciaLaso | Psic\u00f3logo Logro\u00f1o\",\"description\":\"Maneja tus peque\u00f1as y grandes dificultades personales creciendo.\",\"publisher\":{\"@id\":\"https:\/\/garcialaso.com\/blog\/#organization\"},\"potentialAction\":[{\"@type\":\"SearchAction\",\"target\":{\"@type\":\"EntryPoint\",\"urlTemplate\":\"https:\/\/garcialaso.com\/blog\/?s={search_term_string}\"},\"query-input\":{\"@type\":\"PropertyValueSpecification\",\"valueRequired\":true,\"valueName\":\"search_term_string\"}}],\"inLanguage\":\"es\"},{\"@type\":\"Organization\",\"@id\":\"https:\/\/garcialaso.com\/blog\/#organization\",\"name\":\"Mercedes Garcialaso Psic\u00f3logo\",\"url\":\"https:\/\/garcialaso.com\/blog\/\",\"logo\":{\"@type\":\"ImageObject\",\"inLanguage\":\"es\",\"@id\":\"https:\/\/garcialaso.com\/blog\/#\/schema\/logo\/image\/\",\"url\":\"https:\/\/garcialaso.com\/blog\/wp-content\/uploads\/2015\/12\/avatar-garcialaso-1.jpg\",\"contentUrl\":\"https:\/\/garcialaso.com\/blog\/wp-content\/uploads\/2015\/12\/avatar-garcialaso-1.jpg\",\"width\":400,\"height\":400,\"caption\":\"Mercedes Garcialaso Psic\u00f3logo\"},\"image\":{\"@id\":\"https:\/\/garcialaso.com\/blog\/#\/schema\/logo\/image\/\"},\"sameAs\":[\"https:\/\/www.facebook.com\/mercedesgarcialaso\",\"https:\/\/x.com\/garcialaso\",\"http:\/\/mercedesgarcialaso\",\"https:\/\/www.linkedin.com\/in\/mercedesgarcialaso\",\"https:\/\/www.youtube.com\/channel\/UCl0dxRjWcEIXx1lQegoai7Q\"]},{\"@type\":\"Person\",\"@id\":\"https:\/\/garcialaso.com\/blog\/#\/schema\/person\/3b390964103ffbefcb4c84de589aa814\",\"name\":\"Mercedes Garcia Laso\",\"description\":\"Psic\u00f3logo cl\u00ednico especializado en psicoterapia y desarrollo personal.\",\"sameAs\":[\"https:\/\/garcialaso.com\/\",\"https:\/\/www.facebook.com\/mercedesgarcialaso\",\"https:\/\/x.com\/garcialaso\",\"garcialaso\"]}]}<\/script>\n<!-- \/ Yoast SEO plugin. -->","yoast_head_json":{"title":"Charla sobre resiliencia (24-10-14) &#8211; Blog Mercedes GarciaLaso | Psic\u00f3logo Logro\u00f1o","description":"Resumen de charla dentro de unas Jornadas sobre Resiliencia organizadas por el Tel\u00e9fono de la Esperanza en la Universidad de La Rioja.","robots":{"index":"index","follow":"follow","max-snippet":"max-snippet:-1","max-image-preview":"max-image-preview:large","max-video-preview":"max-video-preview:-1"},"canonical":"https:\/\/garcialaso.com\/blog\/resiliencia\/","og_locale":"es_ES","og_type":"article","og_title":"Charla sobre resiliencia (24-10-14) &#8211; Blog Mercedes GarciaLaso | Psic\u00f3logo Logro\u00f1o","og_description":"Resumen de charla dentro de unas Jornadas sobre Resiliencia organizadas por el Tel\u00e9fono de la Esperanza en la Universidad de La Rioja.","og_url":"https:\/\/garcialaso.com\/blog\/resiliencia\/","og_site_name":"Blog Mercedes GarciaLaso | Psic\u00f3logo Logro\u00f1o","article_publisher":"https:\/\/www.facebook.com\/mercedesgarcialaso","article_author":"https:\/\/www.facebook.com\/mercedesgarcialaso","article_published_time":"2014-10-26T12:24:22+00:00","article_modified_time":"2016-10-26T19:50:54+00:00","og_image":[{"width":344,"height":494,"url":"https:\/\/garcialaso.com\/blog\/wp-content\/uploads\/2014\/10\/resiliencia-24-10-14.jpeg","type":"image\/jpeg"}],"author":"Mercedes Garcia Laso","twitter_card":"summary_large_image","twitter_creator":"@garcialaso","twitter_site":"@garcialaso","twitter_misc":{"Escrito por":"Mercedes Garcia Laso","Tiempo de lectura":"2 minutos"},"schema":{"@context":"https:\/\/schema.org","@graph":[{"@type":"Article","@id":"https:\/\/garcialaso.com\/blog\/resiliencia\/#article","isPartOf":{"@id":"https:\/\/garcialaso.com\/blog\/resiliencia\/"},"author":{"name":"Mercedes Garcia Laso","@id":"https:\/\/garcialaso.com\/blog\/#\/schema\/person\/3b390964103ffbefcb4c84de589aa814"},"headline":"Charla sobre resiliencia (24-10-14)","datePublished":"2014-10-26T12:24:22+00:00","dateModified":"2016-10-26T19:50:54+00:00","mainEntityOfPage":{"@id":"https:\/\/garcialaso.com\/blog\/resiliencia\/"},"wordCount":319,"commentCount":0,"publisher":{"@id":"https:\/\/garcialaso.com\/blog\/#organization"},"image":{"@id":"https:\/\/garcialaso.com\/blog\/resiliencia\/#primaryimage"},"thumbnailUrl":"https:\/\/garcialaso.com\/blog\/wp-content\/uploads\/2014\/10\/resiliencia-24-10-14.jpeg","articleSection":["Actividades"],"inLanguage":"es","potentialAction":[{"@type":"CommentAction","name":"Comment","target":["https:\/\/garcialaso.com\/blog\/resiliencia\/#respond"]}]},{"@type":"WebPage","@id":"https:\/\/garcialaso.com\/blog\/resiliencia\/","url":"https:\/\/garcialaso.com\/blog\/resiliencia\/","name":"Charla sobre resiliencia (24-10-14) &#8211; Blog Mercedes GarciaLaso | Psic\u00f3logo Logro\u00f1o","isPartOf":{"@id":"https:\/\/garcialaso.com\/blog\/#website"},"primaryImageOfPage":{"@id":"https:\/\/garcialaso.com\/blog\/resiliencia\/#primaryimage"},"image":{"@id":"https:\/\/garcialaso.com\/blog\/resiliencia\/#primaryimage"},"thumbnailUrl":"https:\/\/garcialaso.com\/blog\/wp-content\/uploads\/2014\/10\/resiliencia-24-10-14.jpeg","datePublished":"2014-10-26T12:24:22+00:00","dateModified":"2016-10-26T19:50:54+00:00","description":"Resumen de charla dentro de unas Jornadas sobre Resiliencia organizadas por el Tel\u00e9fono de la Esperanza en la Universidad de La Rioja.","breadcrumb":{"@id":"https:\/\/garcialaso.com\/blog\/resiliencia\/#breadcrumb"},"inLanguage":"es","potentialAction":[{"@type":"ReadAction","target":["https:\/\/garcialaso.com\/blog\/resiliencia\/"]}]},{"@type":"ImageObject","inLanguage":"es","@id":"https:\/\/garcialaso.com\/blog\/resiliencia\/#primaryimage","url":"https:\/\/garcialaso.com\/blog\/wp-content\/uploads\/2014\/10\/resiliencia-24-10-14.jpeg","contentUrl":"https:\/\/garcialaso.com\/blog\/wp-content\/uploads\/2014\/10\/resiliencia-24-10-14.jpeg","width":344,"height":494},{"@type":"BreadcrumbList","@id":"https:\/\/garcialaso.com\/blog\/resiliencia\/#breadcrumb","itemListElement":[{"@type":"ListItem","position":1,"name":"Portada","item":"https:\/\/garcialaso.com\/blog\/"},{"@type":"ListItem","position":2,"name":"Charla sobre resiliencia (24-10-14)"}]},{"@type":"WebSite","@id":"https:\/\/garcialaso.com\/blog\/#website","url":"https:\/\/garcialaso.com\/blog\/","name":"Blog Mercedes GarciaLaso | Psic\u00f3logo Logro\u00f1o","description":"Maneja tus peque\u00f1as y grandes dificultades personales creciendo.","publisher":{"@id":"https:\/\/garcialaso.com\/blog\/#organization"},"potentialAction":[{"@type":"SearchAction","target":{"@type":"EntryPoint","urlTemplate":"https:\/\/garcialaso.com\/blog\/?s={search_term_string}"},"query-input":{"@type":"PropertyValueSpecification","valueRequired":true,"valueName":"search_term_string"}}],"inLanguage":"es"},{"@type":"Organization","@id":"https:\/\/garcialaso.com\/blog\/#organization","name":"Mercedes Garcialaso Psic\u00f3logo","url":"https:\/\/garcialaso.com\/blog\/","logo":{"@type":"ImageObject","inLanguage":"es","@id":"https:\/\/garcialaso.com\/blog\/#\/schema\/logo\/image\/","url":"https:\/\/garcialaso.com\/blog\/wp-content\/uploads\/2015\/12\/avatar-garcialaso-1.jpg","contentUrl":"https:\/\/garcialaso.com\/blog\/wp-content\/uploads\/2015\/12\/avatar-garcialaso-1.jpg","width":400,"height":400,"caption":"Mercedes Garcialaso Psic\u00f3logo"},"image":{"@id":"https:\/\/garcialaso.com\/blog\/#\/schema\/logo\/image\/"},"sameAs":["https:\/\/www.facebook.com\/mercedesgarcialaso","https:\/\/x.com\/garcialaso","http:\/\/mercedesgarcialaso","https:\/\/www.linkedin.com\/in\/mercedesgarcialaso","https:\/\/www.youtube.com\/channel\/UCl0dxRjWcEIXx1lQegoai7Q"]},{"@type":"Person","@id":"https:\/\/garcialaso.com\/blog\/#\/schema\/person\/3b390964103ffbefcb4c84de589aa814","name":"Mercedes Garcia Laso","description":"Psic\u00f3logo cl\u00ednico especializado en psicoterapia y desarrollo personal.","sameAs":["https:\/\/garcialaso.com\/","https:\/\/www.facebook.com\/mercedesgarcialaso","https:\/\/x.com\/garcialaso","garcialaso"]}]}},"_links":{"self":[{"href":"https:\/\/garcialaso.com\/blog\/wp-json\/wp\/v2\/posts\/979","targetHints":{"allow":["GET"]}}],"collection":[{"href":"https:\/\/garcialaso.com\/blog\/wp-json\/wp\/v2\/posts"}],"about":[{"href":"https:\/\/garcialaso.com\/blog\/wp-json\/wp\/v2\/types\/post"}],"author":[{"embeddable":true,"href":"https:\/\/garcialaso.com\/blog\/wp-json\/wp\/v2\/users\/2"}],"replies":[{"embeddable":true,"href":"https:\/\/garcialaso.com\/blog\/wp-json\/wp\/v2\/comments?post=979"}],"version-history":[{"count":12,"href":"https:\/\/garcialaso.com\/blog\/wp-json\/wp\/v2\/posts\/979\/revisions"}],"predecessor-version":[{"id":1120,"href":"https:\/\/garcialaso.com\/blog\/wp-json\/wp\/v2\/posts\/979\/revisions\/1120"}],"wp:featuredmedia":[{"embeddable":true,"href":"https:\/\/garcialaso.com\/blog\/wp-json\/wp\/v2\/media\/981"}],"wp:attachment":[{"href":"https:\/\/garcialaso.com\/blog\/wp-json\/wp\/v2\/media?parent=979"}],"wp:term":[{"taxonomy":"category","embeddable":true,"href":"https:\/\/garcialaso.com\/blog\/wp-json\/wp\/v2\/categories?post=979"},{"taxonomy":"post_tag","embeddable":true,"href":"https:\/\/garcialaso.com\/blog\/wp-json\/wp\/v2\/tags?post=979"}],"curies":[{"name":"wp","href":"https:\/\/api.w.org\/{rel}","templated":true}]}}