{"id":953,"date":"2014-09-03T09:23:42","date_gmt":"2014-09-03T07:23:42","guid":{"rendered":"http:\/\/garcialaso.com\/?p=953"},"modified":"2014-09-03T11:40:56","modified_gmt":"2014-09-03T09:40:56","slug":"sirve-la-psicoterapia","status":"publish","type":"post","link":"https:\/\/garcialaso.com\/blog\/sirve-la-psicoterapia\/","title":{"rendered":"Sirve la psicoterapia?"},"content":{"rendered":"<p style=\"text-align: justify;\"><span style=\"color: #000000;\">Preguntar si sirve la psico-terapia\u00a0<b>es como preguntar si sirve la fisio-terapia<\/b>\u2026 pues\u2026 depende.<\/span><\/p>\n<p style=\"text-align: justify;\"><span style=\"color: #000000;\">Si tengo dolores de espalda puedo, por ejemplo, ir a darme un masaje, iniciar un tratamiento para corregir posturas y fortalecer m\u00fasculos, o no hacer nada. En la mayor\u00eda de los casos sabemos por experiencia que no se curar\u00e1 del todo pero que la mejor\u00eda depende fundamentalmente del inter\u00e9s que uno tenga en ello.<\/span><\/p>\n<p style=\"text-align: justify;\"><span style=\"color: #000000;\">Existen importantes diferencias entre estas dos disciplinas, por supuesto. Sin embargo me gusta utilizar esta comparaci\u00f3n para comenzar a responder a esta suso dicha pregunta del titulo.<\/span><\/p>\n<p style=\"text-align: justify;\"><span style=\"color: #000000;\">Por experiencia personal y profesional s\u00e9 que\u00a0<b>la psicoterapia sirve<\/b>\u00a0y cada d\u00eda ven la luz m\u00e1s y m\u00e1s estudios que avalan su eficiencia (ojo, que he elegido a prop\u00f3sito esta palabra). El problema es su\u00a0<b>descr\u00e9dito generalizado impulsado por la cultura donde vivimos y nuestras resistencias internas al cambio<\/b>. Preferimos, y el sistema tambi\u00e9n, tomar una pastillica y seguir con lo mismo de siempre.<\/span><\/p>\n<p style=\"text-align: justify;\"><span style=\"color: #000000;\">En este blog sab\u00e9is que no entro en profundidades as\u00ed que s\u00f3lo os dejo tres preguntas a modo de orex\u00edgeno:\u00a0<b>1<\/b>\u00aa, \u00bfsab\u00edais que la industria farmac\u00e9utica es la segunda m\u00e1s poderosa del mundo (la primera, la armament\u00edstica)?;\u00a0<b>2<\/b>\u00aa, los grandes avances de la humanidad nacen del crear a partir del sufrimiento \u00bfinteresa esto al sistema productivo en el que vivimos?; Y\u00a0<b>3<\/b>\u00aa, \u00bfpor qu\u00e9 ahora nos gastamos el dinero en brackets dentales por est\u00e9tica y no en construirnos un vivir mejor?<\/span><\/p>\n<p style=\"text-align: justify;\"><span style=\"color: #000000;\">En esta \u00faltima pregunta se ve claramente como lo social y lo intra-personal est\u00e1n \u00edntimamente unidos en esto de no ir a un terapeuta. Me centrar\u00e9, no obstante, en lo segundo.<\/span><\/p>\n<p style=\"text-align: justify;\"><span style=\"color: #000000;\">Todos tenemos\u00a0<b>miedos internos, camuflados bajo todo tipo de argumentos, a<\/b>\u00a0asumir la responsabilidad sobre nuestro sufrimiento y aventurarnos fuera de nuestra zona de confort (forma particular en que cada uno ve, siente y se relaciona con la \u201crealidad\u201d), y as\u00ed gestionar la vida de manera m\u00e1s saludable.<\/span><\/p>\n<p style=\"text-align: justify;\"><span style=\"color: #000000;\">Es cierto, que el asunto es mucho m\u00e1s complicado y\u00a0<b>se entremezclan prejuicios sociales con la enorme dificultad que nos supone a la mayor\u00eda pedir ayuda<\/b>, pero en mi opini\u00f3n en el meollo est\u00e1 el miedo.<\/span><\/p>\n<p style=\"text-align: justify;\"><span style=\"color: #000000;\">Veis que no he entrado en el\u00a0<b>tema econ\u00f3mico<\/b>\u2026 porque creo que lo enreda todo. Un amigo m\u00edo cobra a los sin-techo un cigarro, o los que acuerden, por consulta. Y por otra parte, encontramos la lamentable focalizaci\u00f3n casi exclusiva en los f\u00e1rmacos de nuestro sistema p\u00fablico de salud mental en contra de la evidencia cient\u00edfica m\u00e1s seria e independiente.<\/span><\/p>\n<p style=\"text-align: justify;\"><span style=\"color: #000000;\">Al contrario de lo que se quiere creer,\u00a0<b>iniciar una terapia (o cualquier otro eufemismo con que se rotule) es un acto de valent\u00eda<\/b>\u00a0porque es un intento de coger las riendas de lo que a uno le pasa y no seguir con \u201cm\u00e1s de lo mismo\u201d. El entorno es hostil, s\u00ed \u00a1pero c\u00f3mo naveguemos en la tormenta es asunto nuestro! Y m\u00e1s aun si nos preocupan nuestros hijos u otro tipo de cuestiones \u00e9ticas. Ya Freud se\u00f1alaba que la buena terapia lleva a amar mejor, trabajar mejor, gozar mejor.<\/span><\/p>\n<p style=\"text-align: justify;\"><span style=\"color: #000000;\">Depresi\u00f3n-apat\u00eda, ansiedad, s\u00edntomas f\u00edsicos sin aparente raz\u00f3n org\u00e1nica, problemas relacionales (pareja, hijos, padres mayores, laborales, soledad\u2026), problem\u00e1ticas adolescentes y juveniles, enfermedades, duelos, sentimientos de vacio\u2026 son ejemplos de \u201ccrisis\u201d que nos ofrecen la\u00a0<b>oportunidad<\/b>\u00a0de crecer y as\u00ed vivir de manera m\u00e1s real.<\/span><\/p>\n<p style=\"text-align: justify;\"><span style=\"color: #000000;\">La desesperanza, la pereza, la desconfianza\u2026 incluso la resignaci\u00f3n, pueden ser trampas para no pedir ayuda. Pero otro d\u00eda os compartir\u00e9 pinceladas sobre mis experiencias como paciente y como terapeuta para ejemplificaros que aunque no hay varitas m\u00e1gicas\u00a0<b>\u00a1merece la pena el esfuerzo!<\/b><\/span><\/p>\n<p style=\"text-align: justify;\"><a href=\"https:\/\/garcialaso.com\/wp-content\/uploads\/2014\/09\/Psicoterapia-PsicoSobreRuedas-1.jpg\"><img loading=\"lazy\" decoding=\"async\" class=\"alignleft size-medium wp-image-957\" alt=\"Psicoterapia-PsicoSobreRuedas-1\" src=\"https:\/\/garcialaso.com\/wp-content\/uploads\/2014\/09\/Psicoterapia-PsicoSobreRuedas-1-300x300.jpg\" width=\"300\" height=\"300\" srcset=\"https:\/\/garcialaso.com\/blog\/wp-content\/uploads\/2014\/09\/Psicoterapia-PsicoSobreRuedas-1-300x300.jpg 300w, https:\/\/garcialaso.com\/blog\/wp-content\/uploads\/2014\/09\/Psicoterapia-PsicoSobreRuedas-1-150x150.jpg 150w, https:\/\/garcialaso.com\/blog\/wp-content\/uploads\/2014\/09\/Psicoterapia-PsicoSobreRuedas-1-200x200.jpg 200w, https:\/\/garcialaso.com\/blog\/wp-content\/uploads\/2014\/09\/Psicoterapia-PsicoSobreRuedas-1.jpg 600w\" sizes=\"auto, (max-width: 300px) 100vw, 300px\" \/><\/a><\/p>\n<p style=\"text-align: justify;\"><a href=\"https:\/\/garcialaso.com\/wp-content\/uploads\/2014\/09\/Psicoterapia-PsicoSobreRuedas-2.jpg\"><img loading=\"lazy\" decoding=\"async\" class=\"alignright size-medium wp-image-958\" alt=\"Psicoterapia-PsicoSobreRuedas-2\" src=\"https:\/\/garcialaso.com\/wp-content\/uploads\/2014\/09\/Psicoterapia-PsicoSobreRuedas-2-282x300.jpg\" width=\"282\" height=\"300\" srcset=\"https:\/\/garcialaso.com\/blog\/wp-content\/uploads\/2014\/09\/Psicoterapia-PsicoSobreRuedas-2-282x300.jpg 282w, https:\/\/garcialaso.com\/blog\/wp-content\/uploads\/2014\/09\/Psicoterapia-PsicoSobreRuedas-2.jpg 470w\" sizes=\"auto, (max-width: 282px) 100vw, 282px\" \/><\/a><\/p>\n<p style=\"text-align: center;\">\u00a0\u221e\u00a0\u00a0\u221e\u00a0\u00a0\u221e\u00a0\u221e\u00a0\u00a0\u221e\u00a0\u00a0\u221e\u00a0\u221e\u00a0\u00a0\u221e\u00a0\u00a0\u221e\u00a0\u221e\u00a0\u00a0\u221e\u00a0\u00a0\u221e\u00a0\u221e\u00a0\u00a0\u221e\u00a0\u00a0\u221e\u00a0\u221e\u00a0\u00a0\u221e\u00a0\u00a0\u221e\u00a0\u221e\u00a0\u00a0\u221e\u00a0\u00a0\u221e\u00a0\u221e\u00a0\u00a0\u221e\u00a0\u00a0\u221e\u00a0\u221e\u00a0\u00a0\u221e\u00a0\u00a0\u221e\u00a0\u221e\u00a0\u00a0\u221e\u00a0\u00a0\u221e\u00a0\u221e\u00a0\u00a0\u221e\u00a0\u00a0\u221e\u00a0\u221e\u00a0\u00a0\u221e\u00a0\u00a0\u221e<\/p>\n<p><span style=\"text-decoration: underline;\"><em>Enlaces y citas que, como siempre ir\u00e9 paulatinamente a\u00f1adiendo<\/em><\/span>:<\/p>\n<ul>\n<li>Ejemplos en este blog: <a href=\"https:\/\/garcialaso.com\/servicios-psicologia\/\" target=\"_blank\">Mi forma de trabajar en psicoterapia<\/a> \u00a0&#8211; <a href=\"https:\/\/garcialaso.com\/2013\/08\/psicoterapia-1\" target=\"_blank\">Introducci\u00f3n a las psicoterapias<\/a> \u00a0<span style=\"text-decoration: underline;\"><br \/>\n<\/span><\/li>\n<li>Preciosa animaci\u00f3n sobre \u201c<a href=\"https:\/\/www.youtube.com\/watch?v=V7jL9hc97TE\" target=\"_blank\">El trabajo de los psic\u00f3logos<\/a>\u201d<\/li>\n<li>Qu\u00e9 es la psicoterapia por otros autores: <a href=\"https:\/\/www.facebook.com\/notes\/mercedes-garc%C3%ADa-laso-psic%C3%B3loga-cl%C3%ADnica\/qu%C3%A9-es-la-psicoterapia-alejandra-raso-pl%C3%B3\/889379754410298\" target=\"_blank\">Ejemplo 1<\/a>;<\/li>\n<li>\u201cExiste al menos un rinc\u00f3n del universo que con toda seguridad puedes mejorar, y eres t\u00fa mismo.\u201d\u00a0Aldous Huxley.<\/li>\n<\/ul>\n","protected":false},"excerpt":{"rendered":"<p>Preguntar si sirve la psico-terapia\u00a0es como preguntar si sirve la fisio-terapia\u2026 pues\u2026 depende. Si tengo dolores de espalda puedo, por ejemplo, ir a darme un masaje, iniciar un tratamiento para corregir posturas y fortalecer m\u00fasculos, o no hacer nada. En la mayor\u00eda de los casos sabemos por experiencia que no se curar\u00e1 del todo pero &#8230; <a title=\"Sirve la psicoterapia?\" class=\"read-more\" href=\"https:\/\/garcialaso.com\/blog\/sirve-la-psicoterapia\/\">Leer m\u00e1s&#8230;<\/a><\/p>\n","protected":false},"author":2,"featured_media":957,"comment_status":"open","ping_status":"open","sticky":false,"template":"","format":"standard","meta":{"generate_page_header":"","footnotes":""},"categories":[2],"tags":[24],"class_list":["post-953","post","type-post","status-publish","format-standard","has-post-thumbnail","hentry","category-articulos","tag-psicoterapia","generate-columns","tablet-grid-50","mobile-grid-100","grid-parent","grid-50"],"yoast_head":"<!-- This site is optimized with the Yoast SEO plugin v26.5 - https:\/\/yoast.com\/wordpress\/plugins\/seo\/ -->\n<title>Sirve la psicoterapia? &#8211; Blog Mercedes GarciaLaso | Psic\u00f3logo Logro\u00f1o<\/title>\n<meta name=\"robots\" content=\"index, follow, max-snippet:-1, max-image-preview:large, max-video-preview:-1\" \/>\n<link rel=\"canonical\" href=\"https:\/\/garcialaso.com\/blog\/sirve-la-psicoterapia\/\" \/>\n<meta property=\"og:locale\" content=\"es_ES\" \/>\n<meta property=\"og:type\" content=\"article\" \/>\n<meta property=\"og:title\" content=\"Sirve la psicoterapia? &#8211; Blog Mercedes GarciaLaso | Psic\u00f3logo Logro\u00f1o\" \/>\n<meta property=\"og:description\" content=\"Preguntar si sirve la psico-terapia\u00a0es como preguntar si sirve la fisio-terapia\u2026 pues\u2026 depende. Si tengo dolores de espalda puedo, por ejemplo, ir a darme un masaje, iniciar un tratamiento para corregir posturas y fortalecer m\u00fasculos, o no hacer nada. En la mayor\u00eda de los casos sabemos por experiencia que no se curar\u00e1 del todo pero ... Leer m\u00e1s...\" \/>\n<meta property=\"og:url\" content=\"https:\/\/garcialaso.com\/blog\/sirve-la-psicoterapia\/\" \/>\n<meta property=\"og:site_name\" content=\"Blog Mercedes GarciaLaso | Psic\u00f3logo Logro\u00f1o\" \/>\n<meta property=\"article:publisher\" content=\"https:\/\/www.facebook.com\/mercedesgarcialaso\" \/>\n<meta property=\"article:author\" content=\"https:\/\/www.facebook.com\/mercedesgarcialaso\" \/>\n<meta property=\"article:published_time\" content=\"2014-09-03T07:23:42+00:00\" \/>\n<meta property=\"article:modified_time\" content=\"2014-09-03T09:40:56+00:00\" \/>\n<meta property=\"og:image\" content=\"https:\/\/garcialaso.com\/blog\/wp-content\/uploads\/2014\/09\/Psicoterapia-PsicoSobreRuedas-1.jpg\" \/>\n\t<meta property=\"og:image:width\" content=\"600\" \/>\n\t<meta property=\"og:image:height\" content=\"600\" \/>\n\t<meta property=\"og:image:type\" content=\"image\/jpeg\" \/>\n<meta name=\"author\" content=\"Mercedes Garcia Laso\" \/>\n<meta name=\"twitter:card\" content=\"summary_large_image\" \/>\n<meta name=\"twitter:creator\" content=\"@garcialaso\" \/>\n<meta name=\"twitter:site\" content=\"@garcialaso\" \/>\n<meta name=\"twitter:label1\" content=\"Escrito por\" \/>\n\t<meta name=\"twitter:data1\" content=\"Mercedes Garcia Laso\" \/>\n\t<meta name=\"twitter:label2\" content=\"Tiempo de lectura\" \/>\n\t<meta name=\"twitter:data2\" content=\"4 minutos\" \/>\n<script type=\"application\/ld+json\" class=\"yoast-schema-graph\">{\"@context\":\"https:\/\/schema.org\",\"@graph\":[{\"@type\":\"Article\",\"@id\":\"https:\/\/garcialaso.com\/blog\/sirve-la-psicoterapia\/#article\",\"isPartOf\":{\"@id\":\"https:\/\/garcialaso.com\/blog\/sirve-la-psicoterapia\/\"},\"author\":{\"name\":\"Mercedes Garcia Laso\",\"@id\":\"https:\/\/garcialaso.com\/blog\/#\/schema\/person\/3b390964103ffbefcb4c84de589aa814\"},\"headline\":\"Sirve la psicoterapia?\",\"datePublished\":\"2014-09-03T07:23:42+00:00\",\"dateModified\":\"2014-09-03T09:40:56+00:00\",\"mainEntityOfPage\":{\"@id\":\"https:\/\/garcialaso.com\/blog\/sirve-la-psicoterapia\/\"},\"wordCount\":703,\"commentCount\":3,\"publisher\":{\"@id\":\"https:\/\/garcialaso.com\/blog\/#organization\"},\"image\":{\"@id\":\"https:\/\/garcialaso.com\/blog\/sirve-la-psicoterapia\/#primaryimage\"},\"thumbnailUrl\":\"https:\/\/garcialaso.com\/blog\/wp-content\/uploads\/2014\/09\/Psicoterapia-PsicoSobreRuedas-1.jpg\",\"keywords\":[\"Psicoterapia\"],\"articleSection\":[\"Art\u00edculos\"],\"inLanguage\":\"es\",\"potentialAction\":[{\"@type\":\"CommentAction\",\"name\":\"Comment\",\"target\":[\"https:\/\/garcialaso.com\/blog\/sirve-la-psicoterapia\/#respond\"]}]},{\"@type\":\"WebPage\",\"@id\":\"https:\/\/garcialaso.com\/blog\/sirve-la-psicoterapia\/\",\"url\":\"https:\/\/garcialaso.com\/blog\/sirve-la-psicoterapia\/\",\"name\":\"Sirve la psicoterapia? &#8211; Blog Mercedes GarciaLaso | Psic\u00f3logo Logro\u00f1o\",\"isPartOf\":{\"@id\":\"https:\/\/garcialaso.com\/blog\/#website\"},\"primaryImageOfPage\":{\"@id\":\"https:\/\/garcialaso.com\/blog\/sirve-la-psicoterapia\/#primaryimage\"},\"image\":{\"@id\":\"https:\/\/garcialaso.com\/blog\/sirve-la-psicoterapia\/#primaryimage\"},\"thumbnailUrl\":\"https:\/\/garcialaso.com\/blog\/wp-content\/uploads\/2014\/09\/Psicoterapia-PsicoSobreRuedas-1.jpg\",\"datePublished\":\"2014-09-03T07:23:42+00:00\",\"dateModified\":\"2014-09-03T09:40:56+00:00\",\"breadcrumb\":{\"@id\":\"https:\/\/garcialaso.com\/blog\/sirve-la-psicoterapia\/#breadcrumb\"},\"inLanguage\":\"es\",\"potentialAction\":[{\"@type\":\"ReadAction\",\"target\":[\"https:\/\/garcialaso.com\/blog\/sirve-la-psicoterapia\/\"]}]},{\"@type\":\"ImageObject\",\"inLanguage\":\"es\",\"@id\":\"https:\/\/garcialaso.com\/blog\/sirve-la-psicoterapia\/#primaryimage\",\"url\":\"https:\/\/garcialaso.com\/blog\/wp-content\/uploads\/2014\/09\/Psicoterapia-PsicoSobreRuedas-1.jpg\",\"contentUrl\":\"https:\/\/garcialaso.com\/blog\/wp-content\/uploads\/2014\/09\/Psicoterapia-PsicoSobreRuedas-1.jpg\",\"width\":600,\"height\":600},{\"@type\":\"BreadcrumbList\",\"@id\":\"https:\/\/garcialaso.com\/blog\/sirve-la-psicoterapia\/#breadcrumb\",\"itemListElement\":[{\"@type\":\"ListItem\",\"position\":1,\"name\":\"Portada\",\"item\":\"https:\/\/garcialaso.com\/blog\/\"},{\"@type\":\"ListItem\",\"position\":2,\"name\":\"Sirve la psicoterapia?\"}]},{\"@type\":\"WebSite\",\"@id\":\"https:\/\/garcialaso.com\/blog\/#website\",\"url\":\"https:\/\/garcialaso.com\/blog\/\",\"name\":\"Blog Mercedes GarciaLaso | Psic\u00f3logo Logro\u00f1o\",\"description\":\"Maneja tus peque\u00f1as y grandes dificultades personales creciendo.\",\"publisher\":{\"@id\":\"https:\/\/garcialaso.com\/blog\/#organization\"},\"potentialAction\":[{\"@type\":\"SearchAction\",\"target\":{\"@type\":\"EntryPoint\",\"urlTemplate\":\"https:\/\/garcialaso.com\/blog\/?s={search_term_string}\"},\"query-input\":{\"@type\":\"PropertyValueSpecification\",\"valueRequired\":true,\"valueName\":\"search_term_string\"}}],\"inLanguage\":\"es\"},{\"@type\":\"Organization\",\"@id\":\"https:\/\/garcialaso.com\/blog\/#organization\",\"name\":\"Mercedes Garcialaso Psic\u00f3logo\",\"url\":\"https:\/\/garcialaso.com\/blog\/\",\"logo\":{\"@type\":\"ImageObject\",\"inLanguage\":\"es\",\"@id\":\"https:\/\/garcialaso.com\/blog\/#\/schema\/logo\/image\/\",\"url\":\"https:\/\/garcialaso.com\/blog\/wp-content\/uploads\/2015\/12\/avatar-garcialaso-1.jpg\",\"contentUrl\":\"https:\/\/garcialaso.com\/blog\/wp-content\/uploads\/2015\/12\/avatar-garcialaso-1.jpg\",\"width\":400,\"height\":400,\"caption\":\"Mercedes Garcialaso Psic\u00f3logo\"},\"image\":{\"@id\":\"https:\/\/garcialaso.com\/blog\/#\/schema\/logo\/image\/\"},\"sameAs\":[\"https:\/\/www.facebook.com\/mercedesgarcialaso\",\"https:\/\/x.com\/garcialaso\",\"http:\/\/mercedesgarcialaso\",\"https:\/\/www.linkedin.com\/in\/mercedesgarcialaso\",\"https:\/\/www.youtube.com\/channel\/UCl0dxRjWcEIXx1lQegoai7Q\"]},{\"@type\":\"Person\",\"@id\":\"https:\/\/garcialaso.com\/blog\/#\/schema\/person\/3b390964103ffbefcb4c84de589aa814\",\"name\":\"Mercedes Garcia Laso\",\"description\":\"Psic\u00f3logo cl\u00ednico especializado en psicoterapia y desarrollo personal.\",\"sameAs\":[\"https:\/\/garcialaso.com\/\",\"https:\/\/www.facebook.com\/mercedesgarcialaso\",\"https:\/\/x.com\/garcialaso\",\"garcialaso\"]}]}<\/script>\n<!-- \/ Yoast SEO plugin. -->","yoast_head_json":{"title":"Sirve la psicoterapia? &#8211; Blog Mercedes GarciaLaso | Psic\u00f3logo Logro\u00f1o","robots":{"index":"index","follow":"follow","max-snippet":"max-snippet:-1","max-image-preview":"max-image-preview:large","max-video-preview":"max-video-preview:-1"},"canonical":"https:\/\/garcialaso.com\/blog\/sirve-la-psicoterapia\/","og_locale":"es_ES","og_type":"article","og_title":"Sirve la psicoterapia? &#8211; Blog Mercedes GarciaLaso | Psic\u00f3logo Logro\u00f1o","og_description":"Preguntar si sirve la psico-terapia\u00a0es como preguntar si sirve la fisio-terapia\u2026 pues\u2026 depende. Si tengo dolores de espalda puedo, por ejemplo, ir a darme un masaje, iniciar un tratamiento para corregir posturas y fortalecer m\u00fasculos, o no hacer nada. En la mayor\u00eda de los casos sabemos por experiencia que no se curar\u00e1 del todo pero ... Leer m\u00e1s...","og_url":"https:\/\/garcialaso.com\/blog\/sirve-la-psicoterapia\/","og_site_name":"Blog Mercedes GarciaLaso | Psic\u00f3logo Logro\u00f1o","article_publisher":"https:\/\/www.facebook.com\/mercedesgarcialaso","article_author":"https:\/\/www.facebook.com\/mercedesgarcialaso","article_published_time":"2014-09-03T07:23:42+00:00","article_modified_time":"2014-09-03T09:40:56+00:00","og_image":[{"width":600,"height":600,"url":"https:\/\/garcialaso.com\/blog\/wp-content\/uploads\/2014\/09\/Psicoterapia-PsicoSobreRuedas-1.jpg","type":"image\/jpeg"}],"author":"Mercedes Garcia Laso","twitter_card":"summary_large_image","twitter_creator":"@garcialaso","twitter_site":"@garcialaso","twitter_misc":{"Escrito por":"Mercedes Garcia Laso","Tiempo de lectura":"4 minutos"},"schema":{"@context":"https:\/\/schema.org","@graph":[{"@type":"Article","@id":"https:\/\/garcialaso.com\/blog\/sirve-la-psicoterapia\/#article","isPartOf":{"@id":"https:\/\/garcialaso.com\/blog\/sirve-la-psicoterapia\/"},"author":{"name":"Mercedes Garcia Laso","@id":"https:\/\/garcialaso.com\/blog\/#\/schema\/person\/3b390964103ffbefcb4c84de589aa814"},"headline":"Sirve la psicoterapia?","datePublished":"2014-09-03T07:23:42+00:00","dateModified":"2014-09-03T09:40:56+00:00","mainEntityOfPage":{"@id":"https:\/\/garcialaso.com\/blog\/sirve-la-psicoterapia\/"},"wordCount":703,"commentCount":3,"publisher":{"@id":"https:\/\/garcialaso.com\/blog\/#organization"},"image":{"@id":"https:\/\/garcialaso.com\/blog\/sirve-la-psicoterapia\/#primaryimage"},"thumbnailUrl":"https:\/\/garcialaso.com\/blog\/wp-content\/uploads\/2014\/09\/Psicoterapia-PsicoSobreRuedas-1.jpg","keywords":["Psicoterapia"],"articleSection":["Art\u00edculos"],"inLanguage":"es","potentialAction":[{"@type":"CommentAction","name":"Comment","target":["https:\/\/garcialaso.com\/blog\/sirve-la-psicoterapia\/#respond"]}]},{"@type":"WebPage","@id":"https:\/\/garcialaso.com\/blog\/sirve-la-psicoterapia\/","url":"https:\/\/garcialaso.com\/blog\/sirve-la-psicoterapia\/","name":"Sirve la psicoterapia? &#8211; Blog Mercedes GarciaLaso | Psic\u00f3logo Logro\u00f1o","isPartOf":{"@id":"https:\/\/garcialaso.com\/blog\/#website"},"primaryImageOfPage":{"@id":"https:\/\/garcialaso.com\/blog\/sirve-la-psicoterapia\/#primaryimage"},"image":{"@id":"https:\/\/garcialaso.com\/blog\/sirve-la-psicoterapia\/#primaryimage"},"thumbnailUrl":"https:\/\/garcialaso.com\/blog\/wp-content\/uploads\/2014\/09\/Psicoterapia-PsicoSobreRuedas-1.jpg","datePublished":"2014-09-03T07:23:42+00:00","dateModified":"2014-09-03T09:40:56+00:00","breadcrumb":{"@id":"https:\/\/garcialaso.com\/blog\/sirve-la-psicoterapia\/#breadcrumb"},"inLanguage":"es","potentialAction":[{"@type":"ReadAction","target":["https:\/\/garcialaso.com\/blog\/sirve-la-psicoterapia\/"]}]},{"@type":"ImageObject","inLanguage":"es","@id":"https:\/\/garcialaso.com\/blog\/sirve-la-psicoterapia\/#primaryimage","url":"https:\/\/garcialaso.com\/blog\/wp-content\/uploads\/2014\/09\/Psicoterapia-PsicoSobreRuedas-1.jpg","contentUrl":"https:\/\/garcialaso.com\/blog\/wp-content\/uploads\/2014\/09\/Psicoterapia-PsicoSobreRuedas-1.jpg","width":600,"height":600},{"@type":"BreadcrumbList","@id":"https:\/\/garcialaso.com\/blog\/sirve-la-psicoterapia\/#breadcrumb","itemListElement":[{"@type":"ListItem","position":1,"name":"Portada","item":"https:\/\/garcialaso.com\/blog\/"},{"@type":"ListItem","position":2,"name":"Sirve la psicoterapia?"}]},{"@type":"WebSite","@id":"https:\/\/garcialaso.com\/blog\/#website","url":"https:\/\/garcialaso.com\/blog\/","name":"Blog Mercedes GarciaLaso | Psic\u00f3logo Logro\u00f1o","description":"Maneja tus peque\u00f1as y grandes dificultades personales creciendo.","publisher":{"@id":"https:\/\/garcialaso.com\/blog\/#organization"},"potentialAction":[{"@type":"SearchAction","target":{"@type":"EntryPoint","urlTemplate":"https:\/\/garcialaso.com\/blog\/?s={search_term_string}"},"query-input":{"@type":"PropertyValueSpecification","valueRequired":true,"valueName":"search_term_string"}}],"inLanguage":"es"},{"@type":"Organization","@id":"https:\/\/garcialaso.com\/blog\/#organization","name":"Mercedes Garcialaso Psic\u00f3logo","url":"https:\/\/garcialaso.com\/blog\/","logo":{"@type":"ImageObject","inLanguage":"es","@id":"https:\/\/garcialaso.com\/blog\/#\/schema\/logo\/image\/","url":"https:\/\/garcialaso.com\/blog\/wp-content\/uploads\/2015\/12\/avatar-garcialaso-1.jpg","contentUrl":"https:\/\/garcialaso.com\/blog\/wp-content\/uploads\/2015\/12\/avatar-garcialaso-1.jpg","width":400,"height":400,"caption":"Mercedes Garcialaso Psic\u00f3logo"},"image":{"@id":"https:\/\/garcialaso.com\/blog\/#\/schema\/logo\/image\/"},"sameAs":["https:\/\/www.facebook.com\/mercedesgarcialaso","https:\/\/x.com\/garcialaso","http:\/\/mercedesgarcialaso","https:\/\/www.linkedin.com\/in\/mercedesgarcialaso","https:\/\/www.youtube.com\/channel\/UCl0dxRjWcEIXx1lQegoai7Q"]},{"@type":"Person","@id":"https:\/\/garcialaso.com\/blog\/#\/schema\/person\/3b390964103ffbefcb4c84de589aa814","name":"Mercedes Garcia Laso","description":"Psic\u00f3logo cl\u00ednico especializado en psicoterapia y desarrollo personal.","sameAs":["https:\/\/garcialaso.com\/","https:\/\/www.facebook.com\/mercedesgarcialaso","https:\/\/x.com\/garcialaso","garcialaso"]}]}},"_links":{"self":[{"href":"https:\/\/garcialaso.com\/blog\/wp-json\/wp\/v2\/posts\/953","targetHints":{"allow":["GET"]}}],"collection":[{"href":"https:\/\/garcialaso.com\/blog\/wp-json\/wp\/v2\/posts"}],"about":[{"href":"https:\/\/garcialaso.com\/blog\/wp-json\/wp\/v2\/types\/post"}],"author":[{"embeddable":true,"href":"https:\/\/garcialaso.com\/blog\/wp-json\/wp\/v2\/users\/2"}],"replies":[{"embeddable":true,"href":"https:\/\/garcialaso.com\/blog\/wp-json\/wp\/v2\/comments?post=953"}],"version-history":[{"count":10,"href":"https:\/\/garcialaso.com\/blog\/wp-json\/wp\/v2\/posts\/953\/revisions"}],"predecessor-version":[{"id":965,"href":"https:\/\/garcialaso.com\/blog\/wp-json\/wp\/v2\/posts\/953\/revisions\/965"}],"wp:featuredmedia":[{"embeddable":true,"href":"https:\/\/garcialaso.com\/blog\/wp-json\/wp\/v2\/media\/957"}],"wp:attachment":[{"href":"https:\/\/garcialaso.com\/blog\/wp-json\/wp\/v2\/media?parent=953"}],"wp:term":[{"taxonomy":"category","embeddable":true,"href":"https:\/\/garcialaso.com\/blog\/wp-json\/wp\/v2\/categories?post=953"},{"taxonomy":"post_tag","embeddable":true,"href":"https:\/\/garcialaso.com\/blog\/wp-json\/wp\/v2\/tags?post=953"}],"curies":[{"name":"wp","href":"https:\/\/api.w.org\/{rel}","templated":true}]}}