{"id":879,"date":"2014-07-26T10:06:18","date_gmt":"2014-07-26T08:06:18","guid":{"rendered":"http:\/\/garcialaso.com\/?p=879"},"modified":"2016-11-26T21:56:35","modified_gmt":"2016-11-26T20:56:35","slug":"cuerpo","status":"publish","type":"post","link":"https:\/\/garcialaso.com\/blog\/cuerpo\/","title":{"rendered":"Cuerpo"},"content":{"rendered":"<p style=\"text-align: center;\">\u00a0\u221e<strong><span style=\"color: #800080;\"> \u00a0\u00a0\u221e \u00a0\u00a0\u221e \u00a0\u00a0\u221e \u00a0\u00a0\u221e \u00a0\u221e \u00a0\u00a0\u221e \u00a0\u00a0\u221e \u00a0\u00a0\u221e \u00a0\u00a0\u221e \u00a0\u221e \u00a0\u00a0\u221e \u00a0\u00a0\u221e \u00a0\u00a0\u221e \u00a0<\/span><\/strong>\u00a0\u221e<\/p>\n<p style=\"text-align: center;\"><span style=\"color: #800080;\">nudo m\u00edo<\/span><br \/>\n<span style=\"color: #800080;\"> gordiano, doloroso, ignorado\u2026<\/span><\/p>\n<p style=\"text-align: center;\"><span style=\"color: #800080;\">como para cada otro en su subjetividad<\/span><br \/>\n<span style=\"color: #800080;\"> envejecer, enfermar, lesi\u00f3n, diferencia, posici\u00f3n femenina, cultura\u2026<\/span><br \/>\n<span style=\"color: #800080;\"> \u00a1cu\u00e1nto enredo con la imagen, las capacidades, el sentir!<\/span><\/p>\n<p style=\"text-align: center;\"><span style=\"color: #800080;\">soy un cuerpo, no s\u00e9 si algo m\u00e1s<\/span>.<\/p>\n<p style=\"text-align: center;\"><span style=\"text-decoration: underline; color: #333399;\">Poema: Teor\u00eda de conjuntos (Mario Benedetti)<\/span><br \/>\n<span style=\"color: #333399;\"> \u201cCada cuerpo tiene<\/span><br \/>\n<span style=\"color: #333399;\"> su armon\u00eda y<\/span><br \/>\n<span style=\"color: #333399;\"> su desarmon\u00eda.<\/span><br \/>\n<span style=\"color: #333399;\"> En algunos casos<\/span><br \/>\n<span style=\"color: #333399;\"> la suma de armon\u00edas<\/span><br \/>\n<span style=\"color: #333399;\"> puede ser casi<\/span><br \/>\n<span style=\"color: #333399;\"> empalagosa<\/span><br \/>\n<span style=\"color: #333399;\"> En otros<\/span><br \/>\n<span style=\"color: #333399;\"> el conjunto<\/span><br \/>\n<span style=\"color: #333399;\"> de desarmon\u00edas<\/span><br \/>\n<span style=\"color: #333399;\"> produce algo mejor<\/span><br \/>\n<span style=\"color: #333399;\"> que la belleza\u2026<\/span>\u201d<\/p>\n<p style=\"text-align: center;\">\u221e \u00a0\u00a0<strong><span style=\"color: #800080;\">\u221e \u00a0\u00a0\u221e \u00a0\u00a0\u221e \u00a0\u00a0\u221e \u00a0\u221e \u00a0\u00a0\u221e \u00a0\u00a0\u221e \u00a0\u00a0\u221e \u00a0\u00a0\u221e \u00a0\u221e \u00a0\u00a0\u221e \u00a0\u00a0\u221e \u00a0\u00a0\u221e<\/span><\/strong> \u00a0\u00a0\u221e<\/p>\n<p style=\"text-align: justify;\"><span style=\"color: #333333;\">Escrib\u00ed estos primeros versos, seguidos del gran Benedetti, hace tres a\u00f1os, cuando la relaci\u00f3n con mi cuerpo hab\u00eda comenzado a cambiar.<\/span><\/p>\n<p style=\"text-align: justify;\"><span style=\"color: #333333;\">Antes me llevaba muy mal con \u00e9l: lo ignoraba. Era el instrumento del que depend\u00eda mi <strong>autonom\u00eda<\/strong> con lo cual me esforzaba en que estuviera medianamente operativo y no doliera demasiado\u2026 cual coche de segunda mano del que dependemos para ir a trabajar pero al que no\u00a0 tenemos ning\u00fan aprecio y que no nos da m\u00e1s que disgustos. De ah\u00ed el continuo esfuerzo diario en fisioterapia, logopedia etc, sin el m\u00e1s m\u00ednimo disfrute, satisfacci\u00f3n o mimito.<\/span><\/p>\n<p style=\"text-align: justify;\"><span style=\"color: #333333;\">\u00a1Y qu\u00e9 decir de la <strong>imagen<\/strong>! Lo \u00fanico que quer\u00eda al \u201ccuidarla\u201d era: con la m\u00ednima inversi\u00f3n de tiempo y dinero, pasar desapercibida. Lo absurdo de la mente humana, lo s\u00e9\u2026 como si un elefante se pinta de blanco para camuflarse en un reba\u00f1o de ovejas\u2026<\/span><\/p>\n<p style=\"text-align: justify;\"><span style=\"color: #333333;\">El <strong>placer<\/strong> simplemente no exist\u00eda. Y el sentir, al igual que el cuerpo, anestesiado.<\/span><\/p>\n<p style=\"text-align: justify;\"><span style=\"color: #333333;\">De repente, hace unos a\u00f1os, poco a poco, todo esto comenz\u00f3 a cambiar y emprend\u00ed un camino de auto-<strong>escucha<\/strong>, en el que hoy continuo avanzando. Ahora s\u00e9 que <strong>no tengo un cuerpo, soy un cuerpo<\/strong>.<\/span><\/p>\n<p style=\"text-align: justify;\"><span style=\"color: #333333;\">Os comparto todo esto porque, de nuevo, creo que mi par\u00e1lisis cerebral tan visible puede hacer m\u00e1s evidente <strong>procesos por los que todos pasamos: el envejecer, el enfermar, las lesiones\u2026 cuando nos comparamos con otros , o con nosotros mismos en otras \u00e9pocas, y nos vemos feos o in\u00fatiles\u2026<\/strong><\/span><\/p>\n<p style=\"text-align: justify;\"><span style=\"color: #333333;\">Particularmente las <strong>mujeres<\/strong> solemos tener bastante rollo con la imagen (generalizo, por supuesto\u2026 en otro momento puntualizar\u00e9)\u2026 tambi\u00e9n los <strong>adolescentes<\/strong> (bulling etc)&#8230; y en fin, para <strong>todo aquel que se sienta fuera de los modelos normativos<\/strong>, os voy a ir dejando abajo ejemplos de im\u00e1genes y enlaces a modo de alegato a favor del aporte de los cuerpos diferentes al desarrollo individual y colectivo.<\/span><\/p>\n<p style=\"text-align: justify;\"><span style=\"color: #333333;\">En un pr\u00f3ximo post hablar\u00e9 de la \u201cnormalidad\u201d m\u00e1s en general\u2026 cuesti\u00f3n que ya veis que ronda mucho este blog. Hoy ha tocado pinceladas sobre el cuerpo\u2026 dejando, como me gusta hacer, muchas cuestiones <strong>en el tintero<\/strong> para pr\u00f3ximos escritos\u2026 por ejemplo: yo siempre hab\u00eda le\u00eddo y me hab\u00edan dicho que lo importante para resultar atractivo era la <strong>actitud<\/strong> \u00a1y no ve\u00e1is como me repateaba! \u00a1casi tanto como la frasecita \u201cla belleza est\u00e1 en el interior\u201d! Sin embargo, ahora doy fe de que es as\u00ed \ud83d\ude09<\/span><\/p>\n<figure id=\"attachment_884\" aria-describedby=\"caption-attachment-884\" style=\"width: 290px\" class=\"wp-caption alignleft\"><a href=\"https:\/\/garcialaso.com\/wp-content\/uploads\/2014\/07\/Cuerpo-Jillian-Mercado.jpg\"><img loading=\"lazy\" decoding=\"async\" class=\"size-medium wp-image-884\" alt=\"Jillian Mercado modelo de Diesel y Nordstrom http:\/\/smoda.elpais.com\/articulos\/la-nueva-estrella-de-la-moda-tiene-distrofia-muscular\/5095\" src=\"https:\/\/garcialaso.com\/wp-content\/uploads\/2014\/07\/Cuerpo-Jillian-Mercado-300x236.jpg\" width=\"300\" height=\"236\" srcset=\"https:\/\/garcialaso.com\/blog\/wp-content\/uploads\/2014\/07\/Cuerpo-Jillian-Mercado-300x236.jpg 300w, https:\/\/garcialaso.com\/blog\/wp-content\/uploads\/2014\/07\/Cuerpo-Jillian-Mercado.jpg 635w\" sizes=\"auto, (max-width: 300px) 100vw, 300px\" \/><\/a><figcaption id=\"caption-attachment-884\" class=\"wp-caption-text\">Jillian Mercado modelo de Diesel y Nordstrom<br \/><a href=\"http:\/\/smoda.elpais.com\/articulos\/la-nueva-estrella-de-la-moda-tiene-distrofia-muscular\/5095\" target=\"_blank\">http:\/\/smoda.elpais.com\/articulos\/la-nueva-estrella-de-la-moda-tiene-distrofia-muscular\/5095<\/a><\/figcaption><\/figure>\n<p><span style=\"font-size: 14px; line-height: 1.5em;\">\u00a0 \u00a0\u00a0<\/span><\/p>\n<figure id=\"attachment_885\" aria-describedby=\"caption-attachment-885\" style=\"width: 290px\" class=\"wp-caption alignright\"><a href=\"https:\/\/garcialaso.com\/wp-content\/uploads\/2014\/07\/Cuerpo-Lizzie-Velasquez.jpg\"><img loading=\"lazy\" decoding=\"async\" class=\"size-medium wp-image-885\" alt=\"Lizzie Velasquez: en el instituto encontr\u00f3 un video con m\u00e1s de 4.000.000 de reproducciones donde la etiquetaban como \u201cla mujer m\u00e1s fea del mundo\u201d https:\/\/www.youtube.com\/watch?v=j1sI2elU65U\" src=\"https:\/\/garcialaso.com\/wp-content\/uploads\/2014\/07\/Cuerpo-Lizzie-Velasquez-300x237.jpg\" width=\"300\" height=\"237\" srcset=\"https:\/\/garcialaso.com\/blog\/wp-content\/uploads\/2014\/07\/Cuerpo-Lizzie-Velasquez-300x237.jpg 300w, https:\/\/garcialaso.com\/blog\/wp-content\/uploads\/2014\/07\/Cuerpo-Lizzie-Velasquez.jpg 580w\" sizes=\"auto, (max-width: 300px) 100vw, 300px\" \/><\/a><figcaption id=\"caption-attachment-885\" class=\"wp-caption-text\">Lizzie Velasquez: en el instituto encontr\u00f3 un video con m\u00e1s de 4.000.000 de reproducciones donde la etiquetaban como \u201cla mujer m\u00e1s fea del mundo\u201d<br \/><a href=\"https:\/\/www.youtube.com\/watch?v=j1sI2elU65U\" target=\"_blank\">https:\/\/www.youtube.com\/watch?v=j1sI2elU65U<\/a><\/figcaption><\/figure>\n<p>&nbsp;<\/p>\n<p>&nbsp;<\/p>\n<div><\/div>\n<div><\/div>\n<div><\/div>\n<div><\/div>\n<div><\/div>\n<div><\/div>\n<div><\/div>\n<div><\/div>\n<div><\/div>\n<div><\/div>\n<div><\/div>\n<div><\/div>\n<div>\n<figure id=\"attachment_887\" aria-describedby=\"caption-attachment-887\" style=\"width: 290px\" class=\"wp-caption alignleft\"><a href=\"https:\/\/garcialaso.com\/wp-content\/uploads\/2014\/07\/Cuerpo-Gracie-Hagen.jpg\"><img loading=\"lazy\" decoding=\"async\" class=\"size-medium wp-image-887\" alt=\"13 fotos de Gracie Hagen  que muestran que la belleza no es el cuerpo sino la expresi\u00f3n corporal http:\/\/www.s1ngular.com\/13-fotos-que-demuestran-que-todo-esta-en-la-expresion-corporal\/\" src=\"https:\/\/garcialaso.com\/wp-content\/uploads\/2014\/07\/Cuerpo-Gracie-Hagen-300x156.jpg\" width=\"300\" height=\"156\" srcset=\"https:\/\/garcialaso.com\/blog\/wp-content\/uploads\/2014\/07\/Cuerpo-Gracie-Hagen-300x156.jpg 300w, https:\/\/garcialaso.com\/blog\/wp-content\/uploads\/2014\/07\/Cuerpo-Gracie-Hagen.jpg 730w\" sizes=\"auto, (max-width: 300px) 100vw, 300px\" \/><\/a><figcaption id=\"caption-attachment-887\" class=\"wp-caption-text\">13 fotos de Gracie Hagen que muestran que la belleza no es el cuerpo sino la expresi\u00f3n corporal<br \/><a href=\"http:\/\/www.s1ngular.com\/13-fotos-que-demuestran-que-todo-esta-en-la-expresion-corporal\/\" target=\"_blank\">http:\/\/www.s1ngular.com\/13-fotos-que-demuestran-que-todo-esta-en-la-expresion-corporal\/<\/a><\/figcaption><\/figure>\n<\/div>\n<div>\n<figure id=\"attachment_891\" aria-describedby=\"caption-attachment-891\" style=\"width: 227px\" class=\"wp-caption alignright\"><a href=\"https:\/\/garcialaso.com\/wp-content\/uploads\/2014\/07\/Cuerpo-Marrie-Bot.jpg\"><img loading=\"lazy\" decoding=\"async\" class=\"size-medium wp-image-891\" alt=\"Fotograf\u00eda de Marrie Bot\" src=\"https:\/\/garcialaso.com\/wp-content\/uploads\/2014\/07\/Cuerpo-Marrie-Bot-237x300.jpg\" width=\"237\" height=\"300\" srcset=\"https:\/\/garcialaso.com\/blog\/wp-content\/uploads\/2014\/07\/Cuerpo-Marrie-Bot-237x300.jpg 237w, https:\/\/garcialaso.com\/blog\/wp-content\/uploads\/2014\/07\/Cuerpo-Marrie-Bot.jpg 474w\" sizes=\"auto, (max-width: 237px) 100vw, 237px\" \/><\/a><figcaption id=\"caption-attachment-891\" class=\"wp-caption-text\">Fotograf\u00eda de Marrie Bot<\/figcaption><\/figure>\n<\/div>\n<div><\/div>\n<div><\/div>\n<div><\/div>\n<div><\/div>\n<div><\/div>\n<div><\/div>\n<div><\/div>\n<div><\/div>\n<div><\/div>\n<div><\/div>\n<div><\/div>\n<div><\/div>\n<div><\/div>\n<div><\/div>\n<div><\/div>\n<div>\n<figure id=\"attachment_892\" aria-describedby=\"caption-attachment-892\" style=\"width: 290px\" class=\"wp-caption alignleft\"><a href=\"https:\/\/garcialaso.com\/wp-content\/uploads\/2014\/07\/Cuerpo-Wheelchair-Freestyle.jpg\"><img loading=\"lazy\" decoding=\"async\" class=\"size-medium wp-image-892\" alt=\"https:\/\/www.youtube.com\/watch?v=AUUVfPy0UgI\" src=\"https:\/\/garcialaso.com\/wp-content\/uploads\/2014\/07\/Cuerpo-Wheelchair-Freestyle-300x164.jpg\" width=\"300\" height=\"164\" srcset=\"https:\/\/garcialaso.com\/blog\/wp-content\/uploads\/2014\/07\/Cuerpo-Wheelchair-Freestyle-300x164.jpg 300w, https:\/\/garcialaso.com\/blog\/wp-content\/uploads\/2014\/07\/Cuerpo-Wheelchair-Freestyle.jpg 728w\" sizes=\"auto, (max-width: 300px) 100vw, 300px\" \/><\/a><figcaption id=\"caption-attachment-892\" class=\"wp-caption-text\"><a href=\"https:\/\/www.youtube.com\/watch?v=AUUVfPy0UgI\" target=\"_blank\">https:\/\/www.youtube.com\/watch?v=AUUVfPy0UgI<\/a><\/figcaption><\/figure>\n<\/div>\n<div><\/div>\n<div>\n<figure id=\"attachment_894\" aria-describedby=\"caption-attachment-894\" style=\"width: 290px\" class=\"wp-caption alignright\"><a href=\"https:\/\/garcialaso.com\/wp-content\/uploads\/2014\/07\/cuerpo-thenuproject.jpg\"><img loading=\"lazy\" decoding=\"async\" class=\"size-medium wp-image-894\" alt=\"http:\/\/blog.rtve.es\/vueltayvuelta\/2013\/11\/proyecto-nu.html\" src=\"https:\/\/garcialaso.com\/wp-content\/uploads\/2014\/07\/cuerpo-thenuproject-300x147.jpg\" width=\"300\" height=\"147\" srcset=\"https:\/\/garcialaso.com\/blog\/wp-content\/uploads\/2014\/07\/cuerpo-thenuproject-300x147.jpg 300w, https:\/\/garcialaso.com\/blog\/wp-content\/uploads\/2014\/07\/cuerpo-thenuproject.jpg 736w\" sizes=\"auto, (max-width: 300px) 100vw, 300px\" \/><\/a><figcaption id=\"caption-attachment-894\" class=\"wp-caption-text\">Ojeadlo\u00a0<a href=\"http:\/\/blog.rtve.es\/vueltayvuelta\/2013\/11\/proyecto-nu.html\" target=\"_blank\">http:\/\/blog.rtve.es\/vueltayvuelta\/2013\/11\/proyecto-nu.html<\/a><\/figcaption><\/figure>\n<\/div>\n<div><\/div>\n<div><\/div>\n<div><\/div>\n<div><\/div>\n<div><\/div>\n<div><\/div>\n<div><\/div>\n<div><\/div>\n<div><\/div>\n<div>\n<figure id=\"attachment_895\" aria-describedby=\"caption-attachment-895\" style=\"width: 290px\" class=\"wp-caption alignleft\"><a href=\"https:\/\/garcialaso.com\/wp-content\/uploads\/2014\/07\/cuerpo-pareja-taboo-national-geographic.jpg\"><img loading=\"lazy\" decoding=\"async\" class=\"size-medium wp-image-895\" alt=\"Pareja diversa https:\/\/www.youtube.com\/watch?v=n_5YODtlbq8  M\u00c1S EN sexualidadespecial.blogspot.com\" src=\"https:\/\/garcialaso.com\/wp-content\/uploads\/2014\/07\/cuerpo-pareja-taboo-national-geographic-300x225.jpg\" width=\"300\" height=\"225\" srcset=\"https:\/\/garcialaso.com\/blog\/wp-content\/uploads\/2014\/07\/cuerpo-pareja-taboo-national-geographic-300x225.jpg 300w, https:\/\/garcialaso.com\/blog\/wp-content\/uploads\/2014\/07\/cuerpo-pareja-taboo-national-geographic.jpg 480w\" sizes=\"auto, (max-width: 300px) 100vw, 300px\" \/><\/a><figcaption id=\"caption-attachment-895\" class=\"wp-caption-text\">Pareja diversa <a href=\"https:\/\/www.youtube.com\/watch?v=n_5YODtlbq8\" target=\"_blank\">https:\/\/www.youtube.com\/watch?v=n_5YODtlbq8<\/a><br \/>M\u00c1S EN <a href=\"http:\/\/sexualidadespecial.blogspot.com.es\/\" target=\"_blank\">sexualidadespecial.blogspot.com<\/a><\/figcaption><\/figure>\n<\/div>\n<div><\/div>\n<div>\u00a0 \u00a0<a href=\"https:\/\/garcialaso.com\/wp-content\/uploads\/2014\/07\/Cuerpo-morticia-adams1.jpg\"><img loading=\"lazy\" decoding=\"async\" class=\"alignright size-medium wp-image-896\" alt=\"Cuerpo-morticia-adams\" src=\"https:\/\/garcialaso.com\/wp-content\/uploads\/2014\/07\/Cuerpo-morticia-adams1-175x300.jpg\" width=\"175\" height=\"300\" \/><\/a><\/div>\n<div><\/div>\n<div><\/div>\n<div><\/div>\n<div><\/div>\n<div><\/div>\n<div><\/div>\n<div><\/div>\n<div><\/div>\n<div><\/div>\n<div><\/div>\n<div><\/div>\n<div><\/div>\n<div><\/div>\n<div>\n<figure id=\"attachment_897\" aria-describedby=\"caption-attachment-897\" style=\"width: 290px\" class=\"wp-caption alignleft\"><a href=\"https:\/\/garcialaso.com\/wp-content\/uploads\/2014\/07\/Cuerpo-perfecto.jpg\"><img loading=\"lazy\" decoding=\"async\" class=\"size-medium wp-image-897\" alt=\"Ejemplo de interesantes v\u00eddeos que podemos encontrar: Advertising's  Image of Women, Jean Kilbourne. https:\/\/www.youtube.com\/watch?v=s9FXR8FdPvY \" src=\"https:\/\/garcialaso.com\/wp-content\/uploads\/2014\/07\/Cuerpo-perfecto-300x238.jpg\" width=\"300\" height=\"238\" srcset=\"https:\/\/garcialaso.com\/blog\/wp-content\/uploads\/2014\/07\/Cuerpo-perfecto-300x238.jpg 300w, https:\/\/garcialaso.com\/blog\/wp-content\/uploads\/2014\/07\/Cuerpo-perfecto.jpg 480w\" sizes=\"auto, (max-width: 300px) 100vw, 300px\" \/><\/a><figcaption id=\"caption-attachment-897\" class=\"wp-caption-text\">Ejemplo de interesantes v\u00eddeos que podemos encontrar: <a href=\"https:\/\/www.youtube.com\/watch?v=s9FXR8FdPvY\" target=\"_blank\">Advertising&#8217;s Image of Women, Jean Kilbourne<\/a>.<\/figcaption><\/figure>\n<\/div>\n<div><\/div>\n<div><\/div>\n<div>\n<figure id=\"attachment_898\" aria-describedby=\"caption-attachment-898\" style=\"width: 290px\" class=\"wp-caption alignright\"><a href=\"https:\/\/garcialaso.com\/wp-content\/uploads\/2014\/07\/Pharrell-Williams-\u2013-Happy.jpg\"><img loading=\"lazy\" decoding=\"async\" class=\"size-medium wp-image-898\" alt=\"Pharrell Williams \u2013 Happy  https:\/\/www.youtube.com\/watch?v=37cL5rujhHU\" src=\"https:\/\/garcialaso.com\/wp-content\/uploads\/2014\/07\/Pharrell-Williams-\u2013-Happy-300x168.jpg\" width=\"300\" height=\"168\" srcset=\"https:\/\/garcialaso.com\/blog\/wp-content\/uploads\/2014\/07\/Pharrell-Williams-\u2013-Happy-300x168.jpg 300w, https:\/\/garcialaso.com\/blog\/wp-content\/uploads\/2014\/07\/Pharrell-Williams-\u2013-Happy.jpg 930w\" sizes=\"auto, (max-width: 300px) 100vw, 300px\" \/><\/a><figcaption id=\"caption-attachment-898\" class=\"wp-caption-text\">Pharrell Williams \u2013 Happy <a href=\"https:\/\/www.youtube.com\/watch?v=37cL5rujhHU\" target=\"_blank\">https:\/\/www.youtube.com\/watch?v=37cL5rujhHU<\/a><\/figcaption><\/figure>\n<\/div>\n<div><\/div>\n<div><\/div>\n<div><\/div>\n<div><\/div>\n<div><\/div>\n<div><\/div>\n<div><\/div>\n<div><\/div>\n<div><\/div>\n<div><\/div>\n<div><\/div>\n<div><\/div>\n<div><\/div>\n<div>\n<figure id=\"attachment_907\" aria-describedby=\"caption-attachment-907\" style=\"width: 790px\" class=\"wp-caption aligncenter\"><a href=\"https:\/\/garcialaso.com\/wp-content\/uploads\/2014\/07\/cuerpo-liantlatroca.jpg\"><img loading=\"lazy\" decoding=\"async\" class=\"size-full wp-image-907\" alt=\"Y MI FAVORITA: http:\/\/liantlatroca.com -  https:\/\/garcialaso.com\/2013\/07\/danza-integrada\/\" src=\"https:\/\/garcialaso.com\/wp-content\/uploads\/2014\/07\/cuerpo-liantlatroca.jpg\" width=\"800\" height=\"243\" srcset=\"https:\/\/garcialaso.com\/blog\/wp-content\/uploads\/2014\/07\/cuerpo-liantlatroca.jpg 800w, https:\/\/garcialaso.com\/blog\/wp-content\/uploads\/2014\/07\/cuerpo-liantlatroca-300x91.jpg 300w\" sizes=\"auto, (max-width: 800px) 100vw, 800px\" \/><\/a><figcaption id=\"caption-attachment-907\" class=\"wp-caption-text\">Y MI FAVORITA: <a href=\"http:\/\/liantlatroca.com\" target=\"_blank\">http:\/\/liantlatroca.com<\/a> &#8211; <a href=\"https:\/\/garcialaso.com\/2013\/07\/danza-integrada\" target=\"_blank\">https:\/\/garcialaso.com\/2013\/07\/danza-integrada<\/a><\/figcaption><\/figure>\n<\/div>\n<div style=\"text-align: center;\"><span style=\"color: #333399;\"><span style=\"color: #333399;\">\u00a0<\/span><\/span><span style=\"color: #333399;\"><span style=\"font-size: 14px; line-height: 1.5em;\">\u221e\u00a0<\/span><span style=\"font-size: 14px; line-height: 1.5em;\">\u00a0\u221e<\/span><\/span><strong style=\"font-size: 14px; line-height: 1.5em;\"><span style=\"color: #333399;\">\u00a0\u00a0\u00a0\u221e \u00a0\u00a0\u221e \u00a0\u00a0\u221e \u00a0\u00a0\u221e \u00a0\u221e \u00a0\u00a0\u221e \u00a0\u00a0\u221e \u00a0\u00a0\u221e \u00a0\u221e \u00a0\u221e \u00a0<\/span>\u00a0\u221e \u00a0\u00a0\u221e \u00a0\u00a0\u221e \u00a0<\/strong><span style=\"font-size: 14px; line-height: 1.5em;\">\u00a0\u221e\u00a0\u00a0\u221e<\/span><strong style=\"font-size: 14px; line-height: 1.5em;\">\u00a0\u00a0\u00a0\u221e \u00a0\u00a0\u221e \u00a0\u00a0\u221e \u00a0\u00a0\u221e \u00a0\u221e \u00a0\u00a0\u221e \u00a0\u00a0\u221e \u00a0\u00a0<span style=\"color: #993366;\">\u221e \u00a0\u00a0\u221e \u00a0\u221e \u00a0\u00a0\u221e \u00a0\u00a0\u221e \u00a0\u00a0\u221e \u00a0<\/span><\/strong><span style=\"font-size: 14px; line-height: 1.5em;\"><span style=\"color: #993366;\">\u00a0\u221e<\/span>\u00a0<\/span><\/div>\n<div>\n<blockquote>\n<ul>\n<li>Algo tienen en com\u00fan \/ el cuerpo y el silencio \/ y es que no pueden mentir. \u00a0MAR\u00cdA FUX.<\/li>\n<li>No es c\u00f3mo se mueve el cuerpo , sino qu\u00e9 es lo que lo mueve. PINA BAUSCH.<\/li>\n<li>El cuerpo recuerda m\u00e1s all\u00e1 de las palabras: goza y sufre por aquello que las palabras han olvidado. ANNIE ANZIEU.<\/li>\n<li>\n<p style=\"display: inline !important;\">El cuerpo, como los libros sagrados,atesora toda la historia, el principio del principio, el final, cada huella del cuerpo contiene padres, nombres, historias que se encadenan en otra y otras. Cada marca, surco, rinc\u00f3n o valle emparentados entre s\u00ed pueden leerse en mil maneras. Para\u00edso e infierno se tocan en una rodilla, en un latido, en una boca, as\u00ed los odios y los amores, los castigos y los perdones van quedando grabados. ELINA MATOSO.<\/p>\n<\/li>\n<\/ul>\n<\/blockquote>\n<\/div>\n","protected":false},"excerpt":{"rendered":"<p>\u00a0\u221e \u00a0\u00a0\u221e \u00a0\u00a0\u221e \u00a0\u00a0\u221e \u00a0\u00a0\u221e \u00a0\u221e \u00a0\u00a0\u221e \u00a0\u00a0\u221e \u00a0\u00a0\u221e \u00a0\u00a0\u221e \u00a0\u221e \u00a0\u00a0\u221e \u00a0\u00a0\u221e \u00a0\u00a0\u221e \u00a0\u00a0\u221e nudo m\u00edo gordiano, doloroso, ignorado\u2026 como para cada otro en su subjetividad envejecer, enfermar, lesi\u00f3n, diferencia, posici\u00f3n femenina, cultura\u2026 \u00a1cu\u00e1nto enredo con la imagen, las capacidades, el sentir! soy un cuerpo, no s\u00e9 si algo m\u00e1s. Poema: Teor\u00eda de conjuntos &#8230; <a title=\"Cuerpo\" class=\"read-more\" href=\"https:\/\/garcialaso.com\/blog\/cuerpo\/\">Leer m\u00e1s&#8230;<\/a><\/p>\n","protected":false},"author":2,"featured_media":897,"comment_status":"open","ping_status":"open","sticky":false,"template":"","format":"standard","meta":{"generate_page_header":"","footnotes":""},"categories":[2],"tags":[59],"class_list":["post-879","post","type-post","status-publish","format-standard","has-post-thumbnail","hentry","category-articulos","tag-cuerpo-y-psicologia","generate-columns","tablet-grid-50","mobile-grid-100","grid-parent","grid-50"],"yoast_head":"<!-- This site is optimized with the Yoast SEO plugin v26.5 - https:\/\/yoast.com\/wordpress\/plugins\/seo\/ -->\n<title>Cuerpo &#8211; Blog Mercedes GarciaLaso | Psic\u00f3logo Logro\u00f1o<\/title>\n<meta name=\"description\" content=\"mi discapacidad puede hacer +evidente procesos por los que tds pasamos: envejecer, enfermar, lesiones\u2026cd nos comparamos con otros ynos vemos feos o in\u00fatiles\" \/>\n<meta name=\"robots\" content=\"index, follow, max-snippet:-1, max-image-preview:large, max-video-preview:-1\" \/>\n<link rel=\"canonical\" href=\"https:\/\/garcialaso.com\/blog\/cuerpo\/\" \/>\n<meta property=\"og:locale\" content=\"es_ES\" \/>\n<meta property=\"og:type\" content=\"article\" \/>\n<meta property=\"og:title\" content=\"Cuerpo &#8211; Blog Mercedes GarciaLaso | Psic\u00f3logo Logro\u00f1o\" \/>\n<meta property=\"og:description\" content=\"mi discapacidad puede hacer +evidente procesos por los que tds pasamos: envejecer, enfermar, lesiones\u2026cd nos comparamos con otros ynos vemos feos o in\u00fatiles\" \/>\n<meta property=\"og:url\" content=\"https:\/\/garcialaso.com\/blog\/cuerpo\/\" \/>\n<meta property=\"og:site_name\" content=\"Blog Mercedes GarciaLaso | Psic\u00f3logo Logro\u00f1o\" \/>\n<meta property=\"article:publisher\" content=\"https:\/\/www.facebook.com\/mercedesgarcialaso\" \/>\n<meta property=\"article:author\" content=\"https:\/\/www.facebook.com\/mercedesgarcialaso\" \/>\n<meta property=\"article:published_time\" content=\"2014-07-26T08:06:18+00:00\" \/>\n<meta property=\"article:modified_time\" content=\"2016-11-26T20:56:35+00:00\" \/>\n<meta property=\"og:image\" content=\"https:\/\/garcialaso.com\/blog\/wp-content\/uploads\/2014\/07\/Cuerpo-perfecto.jpg\" \/>\n\t<meta property=\"og:image:width\" content=\"480\" \/>\n\t<meta property=\"og:image:height\" content=\"381\" \/>\n\t<meta property=\"og:image:type\" content=\"image\/jpeg\" \/>\n<meta name=\"author\" content=\"Mercedes Garcia Laso\" \/>\n<meta name=\"twitter:card\" content=\"summary_large_image\" \/>\n<meta name=\"twitter:creator\" content=\"@garcialaso\" \/>\n<meta name=\"twitter:site\" content=\"@garcialaso\" \/>\n<meta name=\"twitter:label1\" content=\"Escrito por\" \/>\n\t<meta name=\"twitter:data1\" content=\"Mercedes Garcia Laso\" \/>\n\t<meta name=\"twitter:label2\" content=\"Tiempo de lectura\" \/>\n\t<meta name=\"twitter:data2\" content=\"4 minutos\" \/>\n<script type=\"application\/ld+json\" class=\"yoast-schema-graph\">{\"@context\":\"https:\/\/schema.org\",\"@graph\":[{\"@type\":\"Article\",\"@id\":\"https:\/\/garcialaso.com\/blog\/cuerpo\/#article\",\"isPartOf\":{\"@id\":\"https:\/\/garcialaso.com\/blog\/cuerpo\/\"},\"author\":{\"name\":\"Mercedes Garcia Laso\",\"@id\":\"https:\/\/garcialaso.com\/blog\/#\/schema\/person\/3b390964103ffbefcb4c84de589aa814\"},\"headline\":\"Cuerpo\",\"datePublished\":\"2014-07-26T08:06:18+00:00\",\"dateModified\":\"2016-11-26T20:56:35+00:00\",\"mainEntityOfPage\":{\"@id\":\"https:\/\/garcialaso.com\/blog\/cuerpo\/\"},\"wordCount\":853,\"commentCount\":1,\"publisher\":{\"@id\":\"https:\/\/garcialaso.com\/blog\/#organization\"},\"image\":{\"@id\":\"https:\/\/garcialaso.com\/blog\/cuerpo\/#primaryimage\"},\"thumbnailUrl\":\"https:\/\/garcialaso.com\/blog\/wp-content\/uploads\/2014\/07\/Cuerpo-perfecto.jpg\",\"keywords\":[\"Cuerpo y psicolog\u00eda\"],\"articleSection\":[\"Art\u00edculos\"],\"inLanguage\":\"es\",\"potentialAction\":[{\"@type\":\"CommentAction\",\"name\":\"Comment\",\"target\":[\"https:\/\/garcialaso.com\/blog\/cuerpo\/#respond\"]}]},{\"@type\":\"WebPage\",\"@id\":\"https:\/\/garcialaso.com\/blog\/cuerpo\/\",\"url\":\"https:\/\/garcialaso.com\/blog\/cuerpo\/\",\"name\":\"Cuerpo &#8211; Blog Mercedes GarciaLaso | Psic\u00f3logo Logro\u00f1o\",\"isPartOf\":{\"@id\":\"https:\/\/garcialaso.com\/blog\/#website\"},\"primaryImageOfPage\":{\"@id\":\"https:\/\/garcialaso.com\/blog\/cuerpo\/#primaryimage\"},\"image\":{\"@id\":\"https:\/\/garcialaso.com\/blog\/cuerpo\/#primaryimage\"},\"thumbnailUrl\":\"https:\/\/garcialaso.com\/blog\/wp-content\/uploads\/2014\/07\/Cuerpo-perfecto.jpg\",\"datePublished\":\"2014-07-26T08:06:18+00:00\",\"dateModified\":\"2016-11-26T20:56:35+00:00\",\"description\":\"mi discapacidad puede hacer +evidente procesos por los que tds pasamos: envejecer, enfermar, lesiones\u2026cd nos comparamos con otros ynos vemos feos o in\u00fatiles\",\"breadcrumb\":{\"@id\":\"https:\/\/garcialaso.com\/blog\/cuerpo\/#breadcrumb\"},\"inLanguage\":\"es\",\"potentialAction\":[{\"@type\":\"ReadAction\",\"target\":[\"https:\/\/garcialaso.com\/blog\/cuerpo\/\"]}]},{\"@type\":\"ImageObject\",\"inLanguage\":\"es\",\"@id\":\"https:\/\/garcialaso.com\/blog\/cuerpo\/#primaryimage\",\"url\":\"https:\/\/garcialaso.com\/blog\/wp-content\/uploads\/2014\/07\/Cuerpo-perfecto.jpg\",\"contentUrl\":\"https:\/\/garcialaso.com\/blog\/wp-content\/uploads\/2014\/07\/Cuerpo-perfecto.jpg\",\"width\":480,\"height\":381,\"caption\":\"Ejemplo de interesantes v\u00eddeos que podemos encontrar: Advertising's Image of Women, Jean Kilbourne. https:\/\/www.youtube.com\/watch?v=s9FXR8FdPvY\"},{\"@type\":\"BreadcrumbList\",\"@id\":\"https:\/\/garcialaso.com\/blog\/cuerpo\/#breadcrumb\",\"itemListElement\":[{\"@type\":\"ListItem\",\"position\":1,\"name\":\"Portada\",\"item\":\"https:\/\/garcialaso.com\/blog\/\"},{\"@type\":\"ListItem\",\"position\":2,\"name\":\"Cuerpo\"}]},{\"@type\":\"WebSite\",\"@id\":\"https:\/\/garcialaso.com\/blog\/#website\",\"url\":\"https:\/\/garcialaso.com\/blog\/\",\"name\":\"Blog Mercedes GarciaLaso | Psic\u00f3logo Logro\u00f1o\",\"description\":\"Maneja tus peque\u00f1as y grandes dificultades personales creciendo.\",\"publisher\":{\"@id\":\"https:\/\/garcialaso.com\/blog\/#organization\"},\"potentialAction\":[{\"@type\":\"SearchAction\",\"target\":{\"@type\":\"EntryPoint\",\"urlTemplate\":\"https:\/\/garcialaso.com\/blog\/?s={search_term_string}\"},\"query-input\":{\"@type\":\"PropertyValueSpecification\",\"valueRequired\":true,\"valueName\":\"search_term_string\"}}],\"inLanguage\":\"es\"},{\"@type\":\"Organization\",\"@id\":\"https:\/\/garcialaso.com\/blog\/#organization\",\"name\":\"Mercedes Garcialaso Psic\u00f3logo\",\"url\":\"https:\/\/garcialaso.com\/blog\/\",\"logo\":{\"@type\":\"ImageObject\",\"inLanguage\":\"es\",\"@id\":\"https:\/\/garcialaso.com\/blog\/#\/schema\/logo\/image\/\",\"url\":\"https:\/\/garcialaso.com\/blog\/wp-content\/uploads\/2015\/12\/avatar-garcialaso-1.jpg\",\"contentUrl\":\"https:\/\/garcialaso.com\/blog\/wp-content\/uploads\/2015\/12\/avatar-garcialaso-1.jpg\",\"width\":400,\"height\":400,\"caption\":\"Mercedes Garcialaso Psic\u00f3logo\"},\"image\":{\"@id\":\"https:\/\/garcialaso.com\/blog\/#\/schema\/logo\/image\/\"},\"sameAs\":[\"https:\/\/www.facebook.com\/mercedesgarcialaso\",\"https:\/\/x.com\/garcialaso\",\"http:\/\/mercedesgarcialaso\",\"https:\/\/www.linkedin.com\/in\/mercedesgarcialaso\",\"https:\/\/www.youtube.com\/channel\/UCl0dxRjWcEIXx1lQegoai7Q\"]},{\"@type\":\"Person\",\"@id\":\"https:\/\/garcialaso.com\/blog\/#\/schema\/person\/3b390964103ffbefcb4c84de589aa814\",\"name\":\"Mercedes Garcia Laso\",\"description\":\"Psic\u00f3logo cl\u00ednico especializado en psicoterapia y desarrollo personal.\",\"sameAs\":[\"https:\/\/garcialaso.com\/\",\"https:\/\/www.facebook.com\/mercedesgarcialaso\",\"https:\/\/x.com\/garcialaso\",\"garcialaso\"]}]}<\/script>\n<!-- \/ Yoast SEO plugin. -->","yoast_head_json":{"title":"Cuerpo &#8211; Blog Mercedes GarciaLaso | Psic\u00f3logo Logro\u00f1o","description":"mi discapacidad puede hacer +evidente procesos por los que tds pasamos: envejecer, enfermar, lesiones\u2026cd nos comparamos con otros ynos vemos feos o in\u00fatiles","robots":{"index":"index","follow":"follow","max-snippet":"max-snippet:-1","max-image-preview":"max-image-preview:large","max-video-preview":"max-video-preview:-1"},"canonical":"https:\/\/garcialaso.com\/blog\/cuerpo\/","og_locale":"es_ES","og_type":"article","og_title":"Cuerpo &#8211; Blog Mercedes GarciaLaso | Psic\u00f3logo Logro\u00f1o","og_description":"mi discapacidad puede hacer +evidente procesos por los que tds pasamos: envejecer, enfermar, lesiones\u2026cd nos comparamos con otros ynos vemos feos o in\u00fatiles","og_url":"https:\/\/garcialaso.com\/blog\/cuerpo\/","og_site_name":"Blog Mercedes GarciaLaso | Psic\u00f3logo Logro\u00f1o","article_publisher":"https:\/\/www.facebook.com\/mercedesgarcialaso","article_author":"https:\/\/www.facebook.com\/mercedesgarcialaso","article_published_time":"2014-07-26T08:06:18+00:00","article_modified_time":"2016-11-26T20:56:35+00:00","og_image":[{"width":480,"height":381,"url":"https:\/\/garcialaso.com\/blog\/wp-content\/uploads\/2014\/07\/Cuerpo-perfecto.jpg","type":"image\/jpeg"}],"author":"Mercedes Garcia Laso","twitter_card":"summary_large_image","twitter_creator":"@garcialaso","twitter_site":"@garcialaso","twitter_misc":{"Escrito por":"Mercedes Garcia Laso","Tiempo de lectura":"4 minutos"},"schema":{"@context":"https:\/\/schema.org","@graph":[{"@type":"Article","@id":"https:\/\/garcialaso.com\/blog\/cuerpo\/#article","isPartOf":{"@id":"https:\/\/garcialaso.com\/blog\/cuerpo\/"},"author":{"name":"Mercedes Garcia Laso","@id":"https:\/\/garcialaso.com\/blog\/#\/schema\/person\/3b390964103ffbefcb4c84de589aa814"},"headline":"Cuerpo","datePublished":"2014-07-26T08:06:18+00:00","dateModified":"2016-11-26T20:56:35+00:00","mainEntityOfPage":{"@id":"https:\/\/garcialaso.com\/blog\/cuerpo\/"},"wordCount":853,"commentCount":1,"publisher":{"@id":"https:\/\/garcialaso.com\/blog\/#organization"},"image":{"@id":"https:\/\/garcialaso.com\/blog\/cuerpo\/#primaryimage"},"thumbnailUrl":"https:\/\/garcialaso.com\/blog\/wp-content\/uploads\/2014\/07\/Cuerpo-perfecto.jpg","keywords":["Cuerpo y psicolog\u00eda"],"articleSection":["Art\u00edculos"],"inLanguage":"es","potentialAction":[{"@type":"CommentAction","name":"Comment","target":["https:\/\/garcialaso.com\/blog\/cuerpo\/#respond"]}]},{"@type":"WebPage","@id":"https:\/\/garcialaso.com\/blog\/cuerpo\/","url":"https:\/\/garcialaso.com\/blog\/cuerpo\/","name":"Cuerpo &#8211; Blog Mercedes GarciaLaso | Psic\u00f3logo Logro\u00f1o","isPartOf":{"@id":"https:\/\/garcialaso.com\/blog\/#website"},"primaryImageOfPage":{"@id":"https:\/\/garcialaso.com\/blog\/cuerpo\/#primaryimage"},"image":{"@id":"https:\/\/garcialaso.com\/blog\/cuerpo\/#primaryimage"},"thumbnailUrl":"https:\/\/garcialaso.com\/blog\/wp-content\/uploads\/2014\/07\/Cuerpo-perfecto.jpg","datePublished":"2014-07-26T08:06:18+00:00","dateModified":"2016-11-26T20:56:35+00:00","description":"mi discapacidad puede hacer +evidente procesos por los que tds pasamos: envejecer, enfermar, lesiones\u2026cd nos comparamos con otros ynos vemos feos o in\u00fatiles","breadcrumb":{"@id":"https:\/\/garcialaso.com\/blog\/cuerpo\/#breadcrumb"},"inLanguage":"es","potentialAction":[{"@type":"ReadAction","target":["https:\/\/garcialaso.com\/blog\/cuerpo\/"]}]},{"@type":"ImageObject","inLanguage":"es","@id":"https:\/\/garcialaso.com\/blog\/cuerpo\/#primaryimage","url":"https:\/\/garcialaso.com\/blog\/wp-content\/uploads\/2014\/07\/Cuerpo-perfecto.jpg","contentUrl":"https:\/\/garcialaso.com\/blog\/wp-content\/uploads\/2014\/07\/Cuerpo-perfecto.jpg","width":480,"height":381,"caption":"Ejemplo de interesantes v\u00eddeos que podemos encontrar: Advertising's Image of Women, Jean Kilbourne. https:\/\/www.youtube.com\/watch?v=s9FXR8FdPvY"},{"@type":"BreadcrumbList","@id":"https:\/\/garcialaso.com\/blog\/cuerpo\/#breadcrumb","itemListElement":[{"@type":"ListItem","position":1,"name":"Portada","item":"https:\/\/garcialaso.com\/blog\/"},{"@type":"ListItem","position":2,"name":"Cuerpo"}]},{"@type":"WebSite","@id":"https:\/\/garcialaso.com\/blog\/#website","url":"https:\/\/garcialaso.com\/blog\/","name":"Blog Mercedes GarciaLaso | Psic\u00f3logo Logro\u00f1o","description":"Maneja tus peque\u00f1as y grandes dificultades personales creciendo.","publisher":{"@id":"https:\/\/garcialaso.com\/blog\/#organization"},"potentialAction":[{"@type":"SearchAction","target":{"@type":"EntryPoint","urlTemplate":"https:\/\/garcialaso.com\/blog\/?s={search_term_string}"},"query-input":{"@type":"PropertyValueSpecification","valueRequired":true,"valueName":"search_term_string"}}],"inLanguage":"es"},{"@type":"Organization","@id":"https:\/\/garcialaso.com\/blog\/#organization","name":"Mercedes Garcialaso Psic\u00f3logo","url":"https:\/\/garcialaso.com\/blog\/","logo":{"@type":"ImageObject","inLanguage":"es","@id":"https:\/\/garcialaso.com\/blog\/#\/schema\/logo\/image\/","url":"https:\/\/garcialaso.com\/blog\/wp-content\/uploads\/2015\/12\/avatar-garcialaso-1.jpg","contentUrl":"https:\/\/garcialaso.com\/blog\/wp-content\/uploads\/2015\/12\/avatar-garcialaso-1.jpg","width":400,"height":400,"caption":"Mercedes Garcialaso Psic\u00f3logo"},"image":{"@id":"https:\/\/garcialaso.com\/blog\/#\/schema\/logo\/image\/"},"sameAs":["https:\/\/www.facebook.com\/mercedesgarcialaso","https:\/\/x.com\/garcialaso","http:\/\/mercedesgarcialaso","https:\/\/www.linkedin.com\/in\/mercedesgarcialaso","https:\/\/www.youtube.com\/channel\/UCl0dxRjWcEIXx1lQegoai7Q"]},{"@type":"Person","@id":"https:\/\/garcialaso.com\/blog\/#\/schema\/person\/3b390964103ffbefcb4c84de589aa814","name":"Mercedes Garcia Laso","description":"Psic\u00f3logo cl\u00ednico especializado en psicoterapia y desarrollo personal.","sameAs":["https:\/\/garcialaso.com\/","https:\/\/www.facebook.com\/mercedesgarcialaso","https:\/\/x.com\/garcialaso","garcialaso"]}]}},"_links":{"self":[{"href":"https:\/\/garcialaso.com\/blog\/wp-json\/wp\/v2\/posts\/879","targetHints":{"allow":["GET"]}}],"collection":[{"href":"https:\/\/garcialaso.com\/blog\/wp-json\/wp\/v2\/posts"}],"about":[{"href":"https:\/\/garcialaso.com\/blog\/wp-json\/wp\/v2\/types\/post"}],"author":[{"embeddable":true,"href":"https:\/\/garcialaso.com\/blog\/wp-json\/wp\/v2\/users\/2"}],"replies":[{"embeddable":true,"href":"https:\/\/garcialaso.com\/blog\/wp-json\/wp\/v2\/comments?post=879"}],"version-history":[{"count":18,"href":"https:\/\/garcialaso.com\/blog\/wp-json\/wp\/v2\/posts\/879\/revisions"}],"predecessor-version":[{"id":916,"href":"https:\/\/garcialaso.com\/blog\/wp-json\/wp\/v2\/posts\/879\/revisions\/916"}],"wp:featuredmedia":[{"embeddable":true,"href":"https:\/\/garcialaso.com\/blog\/wp-json\/wp\/v2\/media\/897"}],"wp:attachment":[{"href":"https:\/\/garcialaso.com\/blog\/wp-json\/wp\/v2\/media?parent=879"}],"wp:term":[{"taxonomy":"category","embeddable":true,"href":"https:\/\/garcialaso.com\/blog\/wp-json\/wp\/v2\/categories?post=879"},{"taxonomy":"post_tag","embeddable":true,"href":"https:\/\/garcialaso.com\/blog\/wp-json\/wp\/v2\/tags?post=879"}],"curies":[{"name":"wp","href":"https:\/\/api.w.org\/{rel}","templated":true}]}}