{"id":341,"date":"2013-09-04T13:07:42","date_gmt":"2013-09-04T11:07:42","guid":{"rendered":"http:\/\/psicosobreruedas.wordpress.com\/?p=341"},"modified":"2016-11-26T22:07:02","modified_gmt":"2016-11-26T21:07:02","slug":"fidel-delgado-espiritualidad","status":"publish","type":"post","link":"https:\/\/garcialaso.com\/blog\/fidel-delgado-espiritualidad\/","title":{"rendered":"Fidel Delgado, genial espiritualidad did\u00e1ctica"},"content":{"rendered":"<p style=\"text-align: justify;\"><span style=\"font-style: inherit; line-height: 1.625;\">A pesar de que s\u00f3lo he visto dos v\u00eddeos de \u00e9l, es, sin duda,<strong> mi comunicador favorito<\/strong> en estos \u00e1mbitos rarunos de la espiritualidad, \u00a1y eso que he escuchado a importantes gurus de diferentes tradiciones! Y lo es <strong>por cinco motivos<\/strong>:<\/span><\/p>\n<p style=\"text-align: justify;\">El 1\u00ba y m\u00e1s importante, por su \u00edntimo respeto a la visi\u00f3n del otro;<!--more--><\/p>\n<p style=\"text-align: justify;\">El 2\u00ba, porque \u00e9l me llega aut\u00e9ntico (es decir, siento que habla desde un coraz\u00f3n con los auto-enga\u00f1os trabajados);<\/p>\n<p style=\"text-align: justify;\">El 3\u00ba, por su extraordinario uso del humor y otros instrumentos de hemisferio derecho para esquivar mecanismos de defensa y tentar al inconsciente (sinceramente me enamora);<\/p>\n<p style=\"text-align: justify;\">El 4\u00aa, porque lo que dice coincide con mi vivencia (tanto de la vida como de mi profesi\u00f3n);<\/p>\n<p style=\"text-align: justify;\">Y el 5\u00ba, porque, por una parte, su forma de comunicar hace que pueda presentar esta tem\u00e1tica al p\u00fablico general, y por otra, su rigor profesional me permite mostrarlo ante colectivos cient\u00edficos.<\/p>\n<p style=\"text-align: justify;\">Los que me conoc\u00e9is sab\u00e9is que no es caracter\u00edstico en mi <strong>recomendar<\/strong> con \u00edmpetu (entre otras cosas por lo que se se\u00f1ala precisamente el propio Fidel sobre \u201cgolpear al otro con mi verdad\u201d). Pero en esta ocasi\u00f3n s\u00ed os invito fervientemente a ver alguno de estos dos v\u00eddeos, aunque sean largos.<\/p>\n<p style=\"text-align: justify;\">Os copio unos parrafillos que ten\u00eda escritos sobre el <strong>primer v\u00eddeo<\/strong>:<\/p>\n<p style=\"text-align: justify; padding-left: 30px;\">\u00abAunque al principio os parezca \u201cesot\u00e9rico\u201d, <span style=\"text-decoration: underline;\">darle una oportunidad<\/span>, eso s\u00ed evitando la multitarea que nos suele acompa\u00f1ar cuando vemos algo en ordenador. Puede rechinar por el contexto donde se da pero ya ver\u00e9is, porque se nota, la extrema preparaci\u00f3n tanto personal como profesional de Fidel Delgado.<\/p>\n<p style=\"text-align: justify; padding-left: 30px;\">Tal y como indica su t\u00edtulo \u201cMec\u00e1nica y m\u00edstica de la empat\u00eda\u201d, el eje de la conferencia es la <span style=\"text-decoration: underline;\">empat\u00eda<\/span> y c\u00f3mo trabajar para intentar evitar, en este tema, hacer y hacernos da\u00f1o (especialmente grave en el s\u00edndrome del \u201cquemado\u201d del profesional sanitario). Pero toca inmensidad de temas y casi cada frase es una joya.<\/p>\n<p style=\"text-align: justify; padding-left: 30px;\">Sin embargo, me interesa destacar el tema de las \u201c<span style=\"text-decoration: underline;\">gafas<\/span>\u201d, por ser una met\u00e1fora que yo uso mucho, y sus dos consecuencias, para m\u00ed esenciales en mi visi\u00f3n tanto de la vida como de mi labor profesional: a) lo que veo no es la realidad sino lo que los filtros de mis gafas (que son diferentes a los tuyos) me muestran; y b) el sumo respeto a la \u00f3ptica del otro consecuente.<\/p>\n<p style=\"text-align: justify; padding-left: 30px;\">El final me encanta.\u00bb<\/p>\n<p style=\"text-align: justify;\">En fin, espero vuestros comentarios sobre cualquiera de los dos v\u00eddeos. <strong>DISFRUTADLOS!<\/strong> PASAR\u00c9IS UN BUEN RATO, OS LO ASEGURO!<\/p>\n<ul>\n<li>01;25;17\u00a0<a href=\"http:\/\/www.youtube.com\/watch?v=o54zVpxBHsA&amp;feature=youtu.be\" target=\"_blank\">Conferencia completa MEC\u00c1NICA Y M\u00cdSTICA DE LA EMPAT\u00cdA, Fidel Delgado<\/a>.<\/li>\n<li>01;04;04 <a href=\"https:\/\/www.youtube.com\/watch?v=3OeAktYsf0I\" target=\"_blank\">Fidel Delgado Mateo: Concierto Ben\u00e9fico en RE Mayor<\/a>.<\/li>\n<\/ul>\n<p style=\"text-align: justify;\">\n","protected":false},"excerpt":{"rendered":"<p>A pesar de que s\u00f3lo he visto dos v\u00eddeos de \u00e9l, es, sin duda, mi comunicador favorito en estos \u00e1mbitos rarunos de la espiritualidad, \u00a1y eso que he escuchado a importantes gurus de diferentes tradiciones! Y lo es por cinco motivos: El 1\u00ba y m\u00e1s importante, por su \u00edntimo respeto a la visi\u00f3n del otro;<\/p>\n","protected":false},"author":2,"featured_media":355,"comment_status":"open","ping_status":"open","sticky":false,"template":"","format":"standard","meta":{"generate_page_header":"","footnotes":""},"categories":[2],"tags":[58],"class_list":["post-341","post","type-post","status-publish","format-standard","has-post-thumbnail","hentry","category-articulos","tag-espiritualidad-a-mi-manera","generate-columns","tablet-grid-50","mobile-grid-100","grid-parent","grid-50"],"yoast_head":"<!-- This site is optimized with the Yoast SEO plugin v26.5 - https:\/\/yoast.com\/wordpress\/plugins\/seo\/ -->\n<title>Fidel Delgado, genial espiritualidad did\u00e1ctica &#8211; Blog Mercedes GarciaLaso | Psic\u00f3logo Logro\u00f1o<\/title>\n<meta name=\"robots\" content=\"index, follow, max-snippet:-1, max-image-preview:large, max-video-preview:-1\" \/>\n<link rel=\"canonical\" href=\"https:\/\/garcialaso.com\/blog\/fidel-delgado-espiritualidad\/\" \/>\n<meta property=\"og:locale\" content=\"es_ES\" \/>\n<meta property=\"og:type\" content=\"article\" \/>\n<meta property=\"og:title\" content=\"Fidel Delgado, genial espiritualidad did\u00e1ctica &#8211; Blog Mercedes GarciaLaso | Psic\u00f3logo Logro\u00f1o\" \/>\n<meta property=\"og:description\" content=\"A pesar de que s\u00f3lo he visto dos v\u00eddeos de \u00e9l, es, sin duda, mi comunicador favorito en estos \u00e1mbitos rarunos de la espiritualidad, \u00a1y eso que he escuchado a importantes gurus de diferentes tradiciones! Y lo es por cinco motivos: El 1\u00ba y m\u00e1s importante, por su \u00edntimo respeto a la visi\u00f3n del otro;\" \/>\n<meta property=\"og:url\" content=\"https:\/\/garcialaso.com\/blog\/fidel-delgado-espiritualidad\/\" \/>\n<meta property=\"og:site_name\" content=\"Blog Mercedes GarciaLaso | Psic\u00f3logo Logro\u00f1o\" \/>\n<meta property=\"article:publisher\" content=\"https:\/\/www.facebook.com\/mercedesgarcialaso\" \/>\n<meta property=\"article:author\" content=\"https:\/\/www.facebook.com\/mercedesgarcialaso\" \/>\n<meta property=\"article:published_time\" content=\"2013-09-04T11:07:42+00:00\" \/>\n<meta property=\"article:modified_time\" content=\"2016-11-26T21:07:02+00:00\" \/>\n<meta property=\"og:image\" content=\"https:\/\/garcialaso.com\/blog\/wp-content\/uploads\/2013\/09\/fidel-delgado.jpg\" \/>\n\t<meta property=\"og:image:width\" content=\"297\" \/>\n\t<meta property=\"og:image:height\" content=\"297\" \/>\n\t<meta property=\"og:image:type\" content=\"image\/jpeg\" \/>\n<meta name=\"author\" content=\"Mercedes Garcia Laso\" \/>\n<meta name=\"twitter:card\" content=\"summary_large_image\" \/>\n<meta name=\"twitter:creator\" content=\"@garcialaso\" \/>\n<meta name=\"twitter:site\" content=\"@garcialaso\" \/>\n<meta name=\"twitter:label1\" content=\"Escrito por\" \/>\n\t<meta name=\"twitter:data1\" content=\"Mercedes Garcia Laso\" \/>\n\t<meta name=\"twitter:label2\" content=\"Tiempo de lectura\" \/>\n\t<meta name=\"twitter:data2\" content=\"2 minutos\" \/>\n<script type=\"application\/ld+json\" class=\"yoast-schema-graph\">{\"@context\":\"https:\/\/schema.org\",\"@graph\":[{\"@type\":\"Article\",\"@id\":\"https:\/\/garcialaso.com\/blog\/fidel-delgado-espiritualidad\/#article\",\"isPartOf\":{\"@id\":\"https:\/\/garcialaso.com\/blog\/fidel-delgado-espiritualidad\/\"},\"author\":{\"name\":\"Mercedes Garcia Laso\",\"@id\":\"https:\/\/garcialaso.com\/blog\/#\/schema\/person\/3b390964103ffbefcb4c84de589aa814\"},\"headline\":\"Fidel Delgado, genial espiritualidad did\u00e1ctica\",\"datePublished\":\"2013-09-04T11:07:42+00:00\",\"dateModified\":\"2016-11-26T21:07:02+00:00\",\"mainEntityOfPage\":{\"@id\":\"https:\/\/garcialaso.com\/blog\/fidel-delgado-espiritualidad\/\"},\"wordCount\":467,\"commentCount\":2,\"publisher\":{\"@id\":\"https:\/\/garcialaso.com\/blog\/#organization\"},\"image\":{\"@id\":\"https:\/\/garcialaso.com\/blog\/fidel-delgado-espiritualidad\/#primaryimage\"},\"thumbnailUrl\":\"https:\/\/garcialaso.com\/blog\/wp-content\/uploads\/2013\/09\/fidel-delgado.jpg\",\"keywords\":[\"Espiritualidad a mi manera\"],\"articleSection\":[\"Art\u00edculos\"],\"inLanguage\":\"es\",\"potentialAction\":[{\"@type\":\"CommentAction\",\"name\":\"Comment\",\"target\":[\"https:\/\/garcialaso.com\/blog\/fidel-delgado-espiritualidad\/#respond\"]}]},{\"@type\":\"WebPage\",\"@id\":\"https:\/\/garcialaso.com\/blog\/fidel-delgado-espiritualidad\/\",\"url\":\"https:\/\/garcialaso.com\/blog\/fidel-delgado-espiritualidad\/\",\"name\":\"Fidel Delgado, genial espiritualidad did\u00e1ctica &#8211; Blog Mercedes GarciaLaso | Psic\u00f3logo Logro\u00f1o\",\"isPartOf\":{\"@id\":\"https:\/\/garcialaso.com\/blog\/#website\"},\"primaryImageOfPage\":{\"@id\":\"https:\/\/garcialaso.com\/blog\/fidel-delgado-espiritualidad\/#primaryimage\"},\"image\":{\"@id\":\"https:\/\/garcialaso.com\/blog\/fidel-delgado-espiritualidad\/#primaryimage\"},\"thumbnailUrl\":\"https:\/\/garcialaso.com\/blog\/wp-content\/uploads\/2013\/09\/fidel-delgado.jpg\",\"datePublished\":\"2013-09-04T11:07:42+00:00\",\"dateModified\":\"2016-11-26T21:07:02+00:00\",\"breadcrumb\":{\"@id\":\"https:\/\/garcialaso.com\/blog\/fidel-delgado-espiritualidad\/#breadcrumb\"},\"inLanguage\":\"es\",\"potentialAction\":[{\"@type\":\"ReadAction\",\"target\":[\"https:\/\/garcialaso.com\/blog\/fidel-delgado-espiritualidad\/\"]}]},{\"@type\":\"ImageObject\",\"inLanguage\":\"es\",\"@id\":\"https:\/\/garcialaso.com\/blog\/fidel-delgado-espiritualidad\/#primaryimage\",\"url\":\"https:\/\/garcialaso.com\/blog\/wp-content\/uploads\/2013\/09\/fidel-delgado.jpg\",\"contentUrl\":\"https:\/\/garcialaso.com\/blog\/wp-content\/uploads\/2013\/09\/fidel-delgado.jpg\",\"width\":297,\"height\":297},{\"@type\":\"BreadcrumbList\",\"@id\":\"https:\/\/garcialaso.com\/blog\/fidel-delgado-espiritualidad\/#breadcrumb\",\"itemListElement\":[{\"@type\":\"ListItem\",\"position\":1,\"name\":\"Portada\",\"item\":\"https:\/\/garcialaso.com\/blog\/\"},{\"@type\":\"ListItem\",\"position\":2,\"name\":\"Fidel Delgado, genial espiritualidad did\u00e1ctica\"}]},{\"@type\":\"WebSite\",\"@id\":\"https:\/\/garcialaso.com\/blog\/#website\",\"url\":\"https:\/\/garcialaso.com\/blog\/\",\"name\":\"Blog Mercedes GarciaLaso | Psic\u00f3logo Logro\u00f1o\",\"description\":\"Maneja tus peque\u00f1as y grandes dificultades personales creciendo.\",\"publisher\":{\"@id\":\"https:\/\/garcialaso.com\/blog\/#organization\"},\"potentialAction\":[{\"@type\":\"SearchAction\",\"target\":{\"@type\":\"EntryPoint\",\"urlTemplate\":\"https:\/\/garcialaso.com\/blog\/?s={search_term_string}\"},\"query-input\":{\"@type\":\"PropertyValueSpecification\",\"valueRequired\":true,\"valueName\":\"search_term_string\"}}],\"inLanguage\":\"es\"},{\"@type\":\"Organization\",\"@id\":\"https:\/\/garcialaso.com\/blog\/#organization\",\"name\":\"Mercedes Garcialaso Psic\u00f3logo\",\"url\":\"https:\/\/garcialaso.com\/blog\/\",\"logo\":{\"@type\":\"ImageObject\",\"inLanguage\":\"es\",\"@id\":\"https:\/\/garcialaso.com\/blog\/#\/schema\/logo\/image\/\",\"url\":\"https:\/\/garcialaso.com\/blog\/wp-content\/uploads\/2015\/12\/avatar-garcialaso-1.jpg\",\"contentUrl\":\"https:\/\/garcialaso.com\/blog\/wp-content\/uploads\/2015\/12\/avatar-garcialaso-1.jpg\",\"width\":400,\"height\":400,\"caption\":\"Mercedes Garcialaso Psic\u00f3logo\"},\"image\":{\"@id\":\"https:\/\/garcialaso.com\/blog\/#\/schema\/logo\/image\/\"},\"sameAs\":[\"https:\/\/www.facebook.com\/mercedesgarcialaso\",\"https:\/\/x.com\/garcialaso\",\"http:\/\/mercedesgarcialaso\",\"https:\/\/www.linkedin.com\/in\/mercedesgarcialaso\",\"https:\/\/www.youtube.com\/channel\/UCl0dxRjWcEIXx1lQegoai7Q\"]},{\"@type\":\"Person\",\"@id\":\"https:\/\/garcialaso.com\/blog\/#\/schema\/person\/3b390964103ffbefcb4c84de589aa814\",\"name\":\"Mercedes Garcia Laso\",\"description\":\"Psic\u00f3logo cl\u00ednico especializado en psicoterapia y desarrollo personal.\",\"sameAs\":[\"https:\/\/garcialaso.com\/\",\"https:\/\/www.facebook.com\/mercedesgarcialaso\",\"https:\/\/x.com\/garcialaso\",\"garcialaso\"]}]}<\/script>\n<!-- \/ Yoast SEO plugin. -->","yoast_head_json":{"title":"Fidel Delgado, genial espiritualidad did\u00e1ctica &#8211; Blog Mercedes GarciaLaso | Psic\u00f3logo Logro\u00f1o","robots":{"index":"index","follow":"follow","max-snippet":"max-snippet:-1","max-image-preview":"max-image-preview:large","max-video-preview":"max-video-preview:-1"},"canonical":"https:\/\/garcialaso.com\/blog\/fidel-delgado-espiritualidad\/","og_locale":"es_ES","og_type":"article","og_title":"Fidel Delgado, genial espiritualidad did\u00e1ctica &#8211; Blog Mercedes GarciaLaso | Psic\u00f3logo Logro\u00f1o","og_description":"A pesar de que s\u00f3lo he visto dos v\u00eddeos de \u00e9l, es, sin duda, mi comunicador favorito en estos \u00e1mbitos rarunos de la espiritualidad, \u00a1y eso que he escuchado a importantes gurus de diferentes tradiciones! Y lo es por cinco motivos: El 1\u00ba y m\u00e1s importante, por su \u00edntimo respeto a la visi\u00f3n del otro;","og_url":"https:\/\/garcialaso.com\/blog\/fidel-delgado-espiritualidad\/","og_site_name":"Blog Mercedes GarciaLaso | Psic\u00f3logo Logro\u00f1o","article_publisher":"https:\/\/www.facebook.com\/mercedesgarcialaso","article_author":"https:\/\/www.facebook.com\/mercedesgarcialaso","article_published_time":"2013-09-04T11:07:42+00:00","article_modified_time":"2016-11-26T21:07:02+00:00","og_image":[{"width":297,"height":297,"url":"https:\/\/garcialaso.com\/blog\/wp-content\/uploads\/2013\/09\/fidel-delgado.jpg","type":"image\/jpeg"}],"author":"Mercedes Garcia Laso","twitter_card":"summary_large_image","twitter_creator":"@garcialaso","twitter_site":"@garcialaso","twitter_misc":{"Escrito por":"Mercedes Garcia Laso","Tiempo de lectura":"2 minutos"},"schema":{"@context":"https:\/\/schema.org","@graph":[{"@type":"Article","@id":"https:\/\/garcialaso.com\/blog\/fidel-delgado-espiritualidad\/#article","isPartOf":{"@id":"https:\/\/garcialaso.com\/blog\/fidel-delgado-espiritualidad\/"},"author":{"name":"Mercedes Garcia Laso","@id":"https:\/\/garcialaso.com\/blog\/#\/schema\/person\/3b390964103ffbefcb4c84de589aa814"},"headline":"Fidel Delgado, genial espiritualidad did\u00e1ctica","datePublished":"2013-09-04T11:07:42+00:00","dateModified":"2016-11-26T21:07:02+00:00","mainEntityOfPage":{"@id":"https:\/\/garcialaso.com\/blog\/fidel-delgado-espiritualidad\/"},"wordCount":467,"commentCount":2,"publisher":{"@id":"https:\/\/garcialaso.com\/blog\/#organization"},"image":{"@id":"https:\/\/garcialaso.com\/blog\/fidel-delgado-espiritualidad\/#primaryimage"},"thumbnailUrl":"https:\/\/garcialaso.com\/blog\/wp-content\/uploads\/2013\/09\/fidel-delgado.jpg","keywords":["Espiritualidad a mi manera"],"articleSection":["Art\u00edculos"],"inLanguage":"es","potentialAction":[{"@type":"CommentAction","name":"Comment","target":["https:\/\/garcialaso.com\/blog\/fidel-delgado-espiritualidad\/#respond"]}]},{"@type":"WebPage","@id":"https:\/\/garcialaso.com\/blog\/fidel-delgado-espiritualidad\/","url":"https:\/\/garcialaso.com\/blog\/fidel-delgado-espiritualidad\/","name":"Fidel Delgado, genial espiritualidad did\u00e1ctica &#8211; Blog Mercedes GarciaLaso | Psic\u00f3logo Logro\u00f1o","isPartOf":{"@id":"https:\/\/garcialaso.com\/blog\/#website"},"primaryImageOfPage":{"@id":"https:\/\/garcialaso.com\/blog\/fidel-delgado-espiritualidad\/#primaryimage"},"image":{"@id":"https:\/\/garcialaso.com\/blog\/fidel-delgado-espiritualidad\/#primaryimage"},"thumbnailUrl":"https:\/\/garcialaso.com\/blog\/wp-content\/uploads\/2013\/09\/fidel-delgado.jpg","datePublished":"2013-09-04T11:07:42+00:00","dateModified":"2016-11-26T21:07:02+00:00","breadcrumb":{"@id":"https:\/\/garcialaso.com\/blog\/fidel-delgado-espiritualidad\/#breadcrumb"},"inLanguage":"es","potentialAction":[{"@type":"ReadAction","target":["https:\/\/garcialaso.com\/blog\/fidel-delgado-espiritualidad\/"]}]},{"@type":"ImageObject","inLanguage":"es","@id":"https:\/\/garcialaso.com\/blog\/fidel-delgado-espiritualidad\/#primaryimage","url":"https:\/\/garcialaso.com\/blog\/wp-content\/uploads\/2013\/09\/fidel-delgado.jpg","contentUrl":"https:\/\/garcialaso.com\/blog\/wp-content\/uploads\/2013\/09\/fidel-delgado.jpg","width":297,"height":297},{"@type":"BreadcrumbList","@id":"https:\/\/garcialaso.com\/blog\/fidel-delgado-espiritualidad\/#breadcrumb","itemListElement":[{"@type":"ListItem","position":1,"name":"Portada","item":"https:\/\/garcialaso.com\/blog\/"},{"@type":"ListItem","position":2,"name":"Fidel Delgado, genial espiritualidad did\u00e1ctica"}]},{"@type":"WebSite","@id":"https:\/\/garcialaso.com\/blog\/#website","url":"https:\/\/garcialaso.com\/blog\/","name":"Blog Mercedes GarciaLaso | Psic\u00f3logo Logro\u00f1o","description":"Maneja tus peque\u00f1as y grandes dificultades personales creciendo.","publisher":{"@id":"https:\/\/garcialaso.com\/blog\/#organization"},"potentialAction":[{"@type":"SearchAction","target":{"@type":"EntryPoint","urlTemplate":"https:\/\/garcialaso.com\/blog\/?s={search_term_string}"},"query-input":{"@type":"PropertyValueSpecification","valueRequired":true,"valueName":"search_term_string"}}],"inLanguage":"es"},{"@type":"Organization","@id":"https:\/\/garcialaso.com\/blog\/#organization","name":"Mercedes Garcialaso Psic\u00f3logo","url":"https:\/\/garcialaso.com\/blog\/","logo":{"@type":"ImageObject","inLanguage":"es","@id":"https:\/\/garcialaso.com\/blog\/#\/schema\/logo\/image\/","url":"https:\/\/garcialaso.com\/blog\/wp-content\/uploads\/2015\/12\/avatar-garcialaso-1.jpg","contentUrl":"https:\/\/garcialaso.com\/blog\/wp-content\/uploads\/2015\/12\/avatar-garcialaso-1.jpg","width":400,"height":400,"caption":"Mercedes Garcialaso Psic\u00f3logo"},"image":{"@id":"https:\/\/garcialaso.com\/blog\/#\/schema\/logo\/image\/"},"sameAs":["https:\/\/www.facebook.com\/mercedesgarcialaso","https:\/\/x.com\/garcialaso","http:\/\/mercedesgarcialaso","https:\/\/www.linkedin.com\/in\/mercedesgarcialaso","https:\/\/www.youtube.com\/channel\/UCl0dxRjWcEIXx1lQegoai7Q"]},{"@type":"Person","@id":"https:\/\/garcialaso.com\/blog\/#\/schema\/person\/3b390964103ffbefcb4c84de589aa814","name":"Mercedes Garcia Laso","description":"Psic\u00f3logo cl\u00ednico especializado en psicoterapia y desarrollo personal.","sameAs":["https:\/\/garcialaso.com\/","https:\/\/www.facebook.com\/mercedesgarcialaso","https:\/\/x.com\/garcialaso","garcialaso"]}]}},"_links":{"self":[{"href":"https:\/\/garcialaso.com\/blog\/wp-json\/wp\/v2\/posts\/341","targetHints":{"allow":["GET"]}}],"collection":[{"href":"https:\/\/garcialaso.com\/blog\/wp-json\/wp\/v2\/posts"}],"about":[{"href":"https:\/\/garcialaso.com\/blog\/wp-json\/wp\/v2\/types\/post"}],"author":[{"embeddable":true,"href":"https:\/\/garcialaso.com\/blog\/wp-json\/wp\/v2\/users\/2"}],"replies":[{"embeddable":true,"href":"https:\/\/garcialaso.com\/blog\/wp-json\/wp\/v2\/comments?post=341"}],"version-history":[{"count":1,"href":"https:\/\/garcialaso.com\/blog\/wp-json\/wp\/v2\/posts\/341\/revisions"}],"predecessor-version":[{"id":521,"href":"https:\/\/garcialaso.com\/blog\/wp-json\/wp\/v2\/posts\/341\/revisions\/521"}],"wp:featuredmedia":[{"embeddable":true,"href":"https:\/\/garcialaso.com\/blog\/wp-json\/wp\/v2\/media\/355"}],"wp:attachment":[{"href":"https:\/\/garcialaso.com\/blog\/wp-json\/wp\/v2\/media?parent=341"}],"wp:term":[{"taxonomy":"category","embeddable":true,"href":"https:\/\/garcialaso.com\/blog\/wp-json\/wp\/v2\/categories?post=341"},{"taxonomy":"post_tag","embeddable":true,"href":"https:\/\/garcialaso.com\/blog\/wp-json\/wp\/v2\/tags?post=341"}],"curies":[{"name":"wp","href":"https:\/\/api.w.org\/{rel}","templated":true}]}}