{"id":1869,"date":"2025-12-11T18:02:25","date_gmt":"2025-12-11T17:02:25","guid":{"rendered":"https:\/\/garcialaso.com\/blog\/?p=1869"},"modified":"2025-12-11T18:10:09","modified_gmt":"2025-12-11T17:10:09","slug":"mi-2025-en-cinco-puntos","status":"publish","type":"post","link":"https:\/\/garcialaso.com\/blog\/mi-2025-en-cinco-puntos\/","title":{"rendered":"Mi 2025 en cinco puntos"},"content":{"rendered":"<div class=\"el-p\">\n<p dir=\"auto\">\u00bfEl a\u00f1o comienza en enero o en septiembre?<\/p>\n<\/div>\n<div class=\"el-p\">\n<p dir=\"auto\">En el post de despedida de 2024 os compart\u00eda un texto de Carmen Laforet sobre la Navidad. Este 2025 os dejo abajo otras letras suyas sobre sus cambios de a\u00f1o.<\/p>\n<\/div>\n<div class=\"el-p\">\n<p dir=\"auto\">En todo caso, como a m\u00ed me motivan los principios, pues me suelo apuntar a ambos.<\/p>\n<\/div>\n<div class=\"el-p\">\n<p dir=\"auto\">Sin embargo, es en estas fechas cuando me paso por aqu\u00ed para compartiros alg\u00fan retazo de mi a\u00f1o.<\/p>\n<\/div>\n<div class=\"el-p\">\n<p dir=\"auto\">Esta vez solo son cinco \u201cbullets points\u201d:<\/p>\n<\/div>\n<div class=\"el-ul\">\n<ul class=\"has-list-bullet\">\n<li dir=\"auto\" data-line=\"0\">Ejercicio para el cuerpo<\/li>\n<li dir=\"auto\" data-line=\"1\">Po\u00e9tica para el alma<\/li>\n<li dir=\"auto\" data-line=\"2\">Meses liminales<\/li>\n<li dir=\"auto\" data-line=\"3\">Persiguiendo a Mary Oliver<\/li>\n<li dir=\"auto\" data-line=\"4\">Antes, en lo p\u00fablico, <a href=\"https:\/\/garcialaso.com\/blog\/libros-mercedes-garcia-laso\/\">presentaci\u00f3n del libro en Pamplona<\/a> <em>versus<\/em> <a href=\"https:\/\/tecleolento.substack.com\/\">pausa en TecleoLento en su edici\u00f3n 55<\/a>.<\/li>\n<\/ul>\n<\/div>\n<div class=\"el-p\">\n<p dir=\"auto\">Jaja, no me voy a herniar con esta publicaci\u00f3n. No.<\/p>\n<\/div>\n<div class=\"el-p\">\n<p dir=\"auto\">Pero esta brevedad va en l\u00ednea con mi retiro de las redes, TecleoLento incluido. Y es que todav\u00eda no he decidido cuando volver a la newsletter.<\/p>\n<\/div>\n<div class=\"el-p\">\n<p dir=\"auto\">Cada vez estoy m\u00e1s convencida de la importancia de escribir para uno mismo. Pero el compartir en un mundo de tanta saturaci\u00f3n me genera contradicciones que todav\u00eda no he resuelto. Y m\u00e1s, cuando a mis dedos les resulta tan complicado teclear y a la IA entender mi voz.<\/p>\n<\/div>\n<div class=\"el-p\">\n<p dir=\"auto\">En fin, con estas pocas l\u00edneas, despido el a\u00f1o y os deseo que pas\u00e9is unas buenas fiestas.<\/p>\n<\/div>\n<div class=\"el-p\">\n<p dir=\"auto\">Cuidaos mucho &#x1f60a;<\/p>\n<hr \/>\n<\/div>\n<div class=\"el-h1\">\n<h3 dir=\"auto\" data-heading=\"Texto \u00abEl principio\u00bb de Carmen Laforet (29 de octubre de 1949)\">Texto \u00abEl principio\u00bb de Carmen Laforet (29 de octubre de 1949)<\/h3>\n<\/div>\n<div class=\"el-blockquote\">\n<blockquote dir=\"auto\"><p>Tengo ahora, en oto\u00f1o, la sensaci\u00f3n despejada, de agradable claridad en las ideas, que solo el agua fr\u00eda, en la ma\u00f1ana, es capaz de proporcionarme. Me doy cuenta de que comienza un ciclo nuevo de la vida, un nuevo a\u00f1o. Proyectos, ilusiones, vienen a m\u00ed naturalmente.\u00a0<strong>Jam\u00e1s los hago en esa fecha forzada del 1.\u00ba de enero. Nunca lograr\u00e9 asimilar la idea de que en mitad del invierno empieza el a\u00f1o<\/strong>\u2026<\/p><\/blockquote>\n<\/div>\n<div class=\"el-p\">\n<p dir=\"auto\">Para m\u00ed el oto\u00f1o es la llegada. El principio.<\/p>\n<\/div>\n<div class=\"el-p\">\n<p dir=\"auto\">Si tengo un libro entre las manos\u2026 Un libro que yo quiero hacer, claro est\u00e1, y que a\u00fan no es m\u00e1s que un mont\u00f3n de cuartillas blancas, desparramadas y un hervidero de imaginaci\u00f3n\u2026 Si quiero imaginar una acci\u00f3n que comience coincidiendo con una nueva etapa en la vida de un ser humano, no tengo m\u00e1s remedio que imaginarme a esta criatura despertando a la vida de mi imaginaci\u00f3n, en un cuadro de tiempo de oto\u00f1o.<\/p>\n<\/div>\n<div class=\"el-p\">\n<p dir=\"auto\">Esta primera r\u00e1faga de aire fr\u00edo, la primera hoja volandera, la primera chaqueta de abrigo que uno se coloca sobre los hombros, son para m\u00ed como llamadas no hacia un sue\u00f1o, un letargo invernal, sino hacia la vida, la acci\u00f3n, el trabajo voluntario.<\/p>\n<\/div>\n<div class=\"el-p\">\n<p dir=\"auto\">En el oto\u00f1o, las mujeres a quienes un tren nos deja en el coraz\u00f3n de la ciudad donde vivimos, nos quedamos un momento desorientadas entre un mont\u00f3n de maletas y de chiquillos tostados, en una casa que, al entrar, no parece la nuestra de siempre, que nos hace el efecto de que es mayor o de que se ha encogido, que est\u00e1 desconocida con sus fundas blancas, con sus ventanas desguarnecidas\u2026 Pero que, nos parezca bien o mal, empieza a gritarnos, a reclamarnos urgentemente por las mil bocas de sus sillones que necesitan nuevo tapizado, de sus paredes que quieren pintura fresca, de sus armarios que se asfixian y necesitan aire, y los suelos cera, y la carbonera carb\u00f3n\u2026 Y la ventana de la despensa, una ventana peque\u00f1a que se qued\u00f3 abierta y que los temporales han zarandeado, necesita un nuevo cristal\u2026 La llegada del oto\u00f1o es tan atareada como la llegada del d\u00eda, y dentro de esta tarea, tan alegre, porque salimos de un descanso, de un sue\u00f1o, y estamos preparados para lo nuevo que nos viene encima, que nos llama, como nos viene encima y nos arrastra el oleaje en una orilla.<\/p>\n<\/div>\n<div class=\"el-p\">\n<p dir=\"auto\">Tengo ahora, en oto\u00f1o, la sensaci\u00f3n despejada, de agradable claridad en las ideas, que solo el agua fr\u00eda, en la ma\u00f1ana, es capaz de proporcionarme. Me doy cuenta de que comienza un ciclo nuevo de la vida, un nuevo a\u00f1o. Proyectos, ilusiones, vienen a m\u00ed naturalmente. Jam\u00e1s los hago en esa fecha forzada del 1.\u00ba de enero. Nunca lograr\u00e9 asimilar la idea de que en mitad del invierno empieza el a\u00f1o\u2026 La frase \u00abel a\u00f1o pasado\u00bb la aplico ya, inconscientemente, desde octubre, si hablo de los recientes meses de verano. Inconscientemente tambi\u00e9n, en enero sigo diciendo \u00abeste a\u00f1o\u00bb si me refiero al \u00faltimo noviembre. Si yo no hubiese nacido en oto\u00f1o, creo que seguramente me quitar\u00eda o me aumentar\u00eda la edad, seg\u00fan la \u00e9poca. A veces, hablando con amigas queridas, me doy cuenta de que su despiste personal en estas cuestiones proviene de no haber nacido en el natural comienzo del a\u00f1o\u2026<\/p>\n<\/div>\n<div class=\"el-p\">\n<p dir=\"auto\">Ya s\u00e9 que, a pesar del c\u00famulo de sensaciones que a m\u00ed se me antojan razonamientos de peso, para opinar sobre el oto\u00f1o de esta manera, no todo el mundo lo ve as\u00ed, como un principio. Hay montones y montones de hojas de papel escritas \u2014y a veces maravillosamente escritas\u2014 para hablar del oto\u00f1o como el crep\u00fasculo del a\u00f1o, para hablar de su melancol\u00eda y de la sensaci\u00f3n de acabamiento y de serenidad que producen sus suaves y bellos colores \u2014esas largas y anchas pinceladas de tonos rojizos, tabaco, azul p\u00e1lido\u2026\u2014. Y hay montones y montones de cuartillas escritas en el mundo \u2014much\u00edsimas tambi\u00e9n de primera calidad\u2014, para alabar como principio de a\u00f1o la primavera con su glorioso resurgir de la naturaleza\u2026<\/p>\n<\/div>\n<div class=\"el-p\">\n<p dir=\"auto\">S\u00ed, es verdad. Hay un nacimiento de vida en primavera para los bosques. Un nacimiento de la vida puramente sensitiva. Hay seres que al llegar el oto\u00f1o empezar\u00e1n, por el contrario, a adormecerse en un sue\u00f1o que durar\u00e1 todo el invierno\u2026 Pero para nosotros, los hombres y las mujeres de la ciudad, el oto\u00f1o es un despertar, el invierno una dura, una vital lucha, a la que la primavera estorba, a la que el verano sirve de descanso, de bien ganado sue\u00f1o\u2026<\/p>\n<\/div>\n<div class=\"el-p\">\n<p dir=\"auto\">Es muy posible, ya lo he dicho antes, que estas sensaciones m\u00edas no encuentren eco en ustedes. Pero, para mi modo de ver las cosas, ser\u00eda una descortes\u00eda grave no desear a todas, en esta \u00e9poca, un feliz a\u00f1o nuevo, con mucha tarea para realizar, y con muchas ilusiones.<\/p>\n<\/div>\n<p dir=\"auto\"><a href=\"https:\/\/garcialaso.com\/blog\/wp-content\/uploads\/2025\/12\/Mi-2025-en-cinco-puntos.jpg\"><img loading=\"lazy\" decoding=\"async\" class=\"aligncenter size-large wp-image-1874\" src=\"https:\/\/garcialaso.com\/blog\/wp-content\/uploads\/2025\/12\/Mi-2025-en-cinco-puntos-1024x569.jpg\" alt=\"\" width=\"1024\" height=\"569\" srcset=\"https:\/\/garcialaso.com\/blog\/wp-content\/uploads\/2025\/12\/Mi-2025-en-cinco-puntos-1024x569.jpg 1024w, https:\/\/garcialaso.com\/blog\/wp-content\/uploads\/2025\/12\/Mi-2025-en-cinco-puntos-300x167.jpg 300w, https:\/\/garcialaso.com\/blog\/wp-content\/uploads\/2025\/12\/Mi-2025-en-cinco-puntos-768x427.jpg 768w, https:\/\/garcialaso.com\/blog\/wp-content\/uploads\/2025\/12\/Mi-2025-en-cinco-puntos-1536x853.jpg 1536w, https:\/\/garcialaso.com\/blog\/wp-content\/uploads\/2025\/12\/Mi-2025-en-cinco-puntos.jpg 1696w\" sizes=\"auto, (max-width: 1024px) 100vw, 1024px\" \/><\/a><\/p>\n","protected":false},"excerpt":{"rendered":"<p>\u00bfEl a\u00f1o comienza en enero o en septiembre? En el post de despedida de 2024 os compart\u00eda un texto de Carmen Laforet sobre la Navidad. Este 2025 os dejo abajo otras letras suyas sobre sus cambios de a\u00f1o. En todo caso, como a m\u00ed me motivan los principios, pues me suelo apuntar a ambos. Sin &#8230; <a title=\"Mi 2025 en cinco puntos\" class=\"read-more\" href=\"https:\/\/garcialaso.com\/blog\/mi-2025-en-cinco-puntos\/\">Leer m\u00e1s&#8230;<\/a><\/p>\n","protected":false},"author":2,"featured_media":1874,"comment_status":"open","ping_status":"open","sticky":false,"template":"","format":"standard","meta":{"generate_page_header":"","footnotes":""},"categories":[1],"tags":[55],"class_list":["post-1869","post","type-post","status-publish","format-standard","has-post-thumbnail","hentry","category-otros-garcialaso","tag-cuaderno-personal","generate-columns","tablet-grid-50","mobile-grid-100","grid-parent","grid-50"],"yoast_head":"<!-- This site is optimized with the Yoast SEO plugin v26.5 - https:\/\/yoast.com\/wordpress\/plugins\/seo\/ -->\n<title>Mi 2025 en cinco puntos &#8211; Blog Mercedes GarciaLaso | Psic\u00f3logo Logro\u00f1o<\/title>\n<meta name=\"description\" content=\"Esta brevedad va en l\u00ednea con mi retiro de las redes, TecleoLento incluido. Y es que todav\u00eda no he decidido cuando volver a la newsletter. Cada vez estoy m\u00e1s convencida de la importancia de escribir para uno mismo. Pero el compartir en un mundo de tanta saturaci\u00f3n me genera contradicciones que todav\u00eda no he resuelto.\" \/>\n<meta name=\"robots\" content=\"index, follow, max-snippet:-1, max-image-preview:large, max-video-preview:-1\" \/>\n<link rel=\"canonical\" href=\"https:\/\/garcialaso.com\/blog\/mi-2025-en-cinco-puntos\/\" \/>\n<meta property=\"og:locale\" content=\"es_ES\" \/>\n<meta property=\"og:type\" content=\"article\" \/>\n<meta property=\"og:title\" content=\"Mi 2025 en cinco puntos &#8211; Blog Mercedes GarciaLaso | Psic\u00f3logo Logro\u00f1o\" \/>\n<meta property=\"og:description\" content=\"Esta brevedad va en l\u00ednea con mi retiro de las redes, TecleoLento incluido. Y es que todav\u00eda no he decidido cuando volver a la newsletter. Cada vez estoy m\u00e1s convencida de la importancia de escribir para uno mismo. Pero el compartir en un mundo de tanta saturaci\u00f3n me genera contradicciones que todav\u00eda no he resuelto.\" \/>\n<meta property=\"og:url\" content=\"https:\/\/garcialaso.com\/blog\/mi-2025-en-cinco-puntos\/\" \/>\n<meta property=\"og:site_name\" content=\"Blog Mercedes GarciaLaso | Psic\u00f3logo Logro\u00f1o\" \/>\n<meta property=\"article:publisher\" content=\"https:\/\/www.facebook.com\/mercedesgarcialaso\" \/>\n<meta property=\"article:author\" content=\"https:\/\/www.facebook.com\/mercedesgarcialaso\" \/>\n<meta property=\"article:published_time\" content=\"2025-12-11T17:02:25+00:00\" \/>\n<meta property=\"article:modified_time\" content=\"2025-12-11T17:10:09+00:00\" \/>\n<meta property=\"og:image\" content=\"https:\/\/garcialaso.com\/blog\/wp-content\/uploads\/2025\/12\/Mi-2025-en-cinco-puntos.jpg\" \/>\n\t<meta property=\"og:image:width\" content=\"1696\" \/>\n\t<meta property=\"og:image:height\" content=\"942\" \/>\n\t<meta property=\"og:image:type\" content=\"image\/jpeg\" \/>\n<meta name=\"author\" content=\"Mercedes Garcia Laso\" \/>\n<meta name=\"twitter:card\" content=\"summary_large_image\" \/>\n<meta name=\"twitter:creator\" content=\"@garcialaso\" \/>\n<meta name=\"twitter:site\" content=\"@garcialaso\" \/>\n<meta name=\"twitter:label1\" content=\"Escrito por\" \/>\n\t<meta name=\"twitter:data1\" content=\"Mercedes Garcia Laso\" \/>\n\t<meta name=\"twitter:label2\" content=\"Tiempo de lectura\" \/>\n\t<meta name=\"twitter:data2\" content=\"5 minutos\" \/>\n<script type=\"application\/ld+json\" class=\"yoast-schema-graph\">{\"@context\":\"https:\/\/schema.org\",\"@graph\":[{\"@type\":\"Article\",\"@id\":\"https:\/\/garcialaso.com\/blog\/mi-2025-en-cinco-puntos\/#article\",\"isPartOf\":{\"@id\":\"https:\/\/garcialaso.com\/blog\/mi-2025-en-cinco-puntos\/\"},\"author\":{\"name\":\"Mercedes Garcia Laso\",\"@id\":\"https:\/\/garcialaso.com\/blog\/#\/schema\/person\/3b390964103ffbefcb4c84de589aa814\"},\"headline\":\"Mi 2025 en cinco puntos\",\"datePublished\":\"2025-12-11T17:02:25+00:00\",\"dateModified\":\"2025-12-11T17:10:09+00:00\",\"mainEntityOfPage\":{\"@id\":\"https:\/\/garcialaso.com\/blog\/mi-2025-en-cinco-puntos\/\"},\"wordCount\":1103,\"commentCount\":0,\"publisher\":{\"@id\":\"https:\/\/garcialaso.com\/blog\/#organization\"},\"image\":{\"@id\":\"https:\/\/garcialaso.com\/blog\/mi-2025-en-cinco-puntos\/#primaryimage\"},\"thumbnailUrl\":\"https:\/\/garcialaso.com\/blog\/wp-content\/uploads\/2025\/12\/Mi-2025-en-cinco-puntos.jpg\",\"keywords\":[\"Cuaderno personal\"],\"articleSection\":[\"Otros GarciaLaso\"],\"inLanguage\":\"es\",\"potentialAction\":[{\"@type\":\"CommentAction\",\"name\":\"Comment\",\"target\":[\"https:\/\/garcialaso.com\/blog\/mi-2025-en-cinco-puntos\/#respond\"]}]},{\"@type\":\"WebPage\",\"@id\":\"https:\/\/garcialaso.com\/blog\/mi-2025-en-cinco-puntos\/\",\"url\":\"https:\/\/garcialaso.com\/blog\/mi-2025-en-cinco-puntos\/\",\"name\":\"Mi 2025 en cinco puntos &#8211; Blog Mercedes GarciaLaso | Psic\u00f3logo Logro\u00f1o\",\"isPartOf\":{\"@id\":\"https:\/\/garcialaso.com\/blog\/#website\"},\"primaryImageOfPage\":{\"@id\":\"https:\/\/garcialaso.com\/blog\/mi-2025-en-cinco-puntos\/#primaryimage\"},\"image\":{\"@id\":\"https:\/\/garcialaso.com\/blog\/mi-2025-en-cinco-puntos\/#primaryimage\"},\"thumbnailUrl\":\"https:\/\/garcialaso.com\/blog\/wp-content\/uploads\/2025\/12\/Mi-2025-en-cinco-puntos.jpg\",\"datePublished\":\"2025-12-11T17:02:25+00:00\",\"dateModified\":\"2025-12-11T17:10:09+00:00\",\"description\":\"Esta brevedad va en l\u00ednea con mi retiro de las redes, TecleoLento incluido. Y es que todav\u00eda no he decidido cuando volver a la newsletter. Cada vez estoy m\u00e1s convencida de la importancia de escribir para uno mismo. Pero el compartir en un mundo de tanta saturaci\u00f3n me genera contradicciones que todav\u00eda no he resuelto.\",\"breadcrumb\":{\"@id\":\"https:\/\/garcialaso.com\/blog\/mi-2025-en-cinco-puntos\/#breadcrumb\"},\"inLanguage\":\"es\",\"potentialAction\":[{\"@type\":\"ReadAction\",\"target\":[\"https:\/\/garcialaso.com\/blog\/mi-2025-en-cinco-puntos\/\"]}]},{\"@type\":\"ImageObject\",\"inLanguage\":\"es\",\"@id\":\"https:\/\/garcialaso.com\/blog\/mi-2025-en-cinco-puntos\/#primaryimage\",\"url\":\"https:\/\/garcialaso.com\/blog\/wp-content\/uploads\/2025\/12\/Mi-2025-en-cinco-puntos.jpg\",\"contentUrl\":\"https:\/\/garcialaso.com\/blog\/wp-content\/uploads\/2025\/12\/Mi-2025-en-cinco-puntos.jpg\",\"width\":1696,\"height\":942},{\"@type\":\"BreadcrumbList\",\"@id\":\"https:\/\/garcialaso.com\/blog\/mi-2025-en-cinco-puntos\/#breadcrumb\",\"itemListElement\":[{\"@type\":\"ListItem\",\"position\":1,\"name\":\"Portada\",\"item\":\"https:\/\/garcialaso.com\/blog\/\"},{\"@type\":\"ListItem\",\"position\":2,\"name\":\"Mi 2025 en cinco puntos\"}]},{\"@type\":\"WebSite\",\"@id\":\"https:\/\/garcialaso.com\/blog\/#website\",\"url\":\"https:\/\/garcialaso.com\/blog\/\",\"name\":\"Blog Mercedes GarciaLaso | Psic\u00f3logo Logro\u00f1o\",\"description\":\"Maneja tus peque\u00f1as y grandes dificultades personales creciendo.\",\"publisher\":{\"@id\":\"https:\/\/garcialaso.com\/blog\/#organization\"},\"potentialAction\":[{\"@type\":\"SearchAction\",\"target\":{\"@type\":\"EntryPoint\",\"urlTemplate\":\"https:\/\/garcialaso.com\/blog\/?s={search_term_string}\"},\"query-input\":{\"@type\":\"PropertyValueSpecification\",\"valueRequired\":true,\"valueName\":\"search_term_string\"}}],\"inLanguage\":\"es\"},{\"@type\":\"Organization\",\"@id\":\"https:\/\/garcialaso.com\/blog\/#organization\",\"name\":\"Mercedes Garcialaso Psic\u00f3logo\",\"url\":\"https:\/\/garcialaso.com\/blog\/\",\"logo\":{\"@type\":\"ImageObject\",\"inLanguage\":\"es\",\"@id\":\"https:\/\/garcialaso.com\/blog\/#\/schema\/logo\/image\/\",\"url\":\"https:\/\/garcialaso.com\/blog\/wp-content\/uploads\/2015\/12\/avatar-garcialaso-1.jpg\",\"contentUrl\":\"https:\/\/garcialaso.com\/blog\/wp-content\/uploads\/2015\/12\/avatar-garcialaso-1.jpg\",\"width\":400,\"height\":400,\"caption\":\"Mercedes Garcialaso Psic\u00f3logo\"},\"image\":{\"@id\":\"https:\/\/garcialaso.com\/blog\/#\/schema\/logo\/image\/\"},\"sameAs\":[\"https:\/\/www.facebook.com\/mercedesgarcialaso\",\"https:\/\/x.com\/garcialaso\",\"http:\/\/mercedesgarcialaso\",\"https:\/\/www.linkedin.com\/in\/mercedesgarcialaso\",\"https:\/\/www.youtube.com\/channel\/UCl0dxRjWcEIXx1lQegoai7Q\"]},{\"@type\":\"Person\",\"@id\":\"https:\/\/garcialaso.com\/blog\/#\/schema\/person\/3b390964103ffbefcb4c84de589aa814\",\"name\":\"Mercedes Garcia Laso\",\"description\":\"Psic\u00f3logo cl\u00ednico especializado en psicoterapia y desarrollo personal.\",\"sameAs\":[\"https:\/\/garcialaso.com\/\",\"https:\/\/www.facebook.com\/mercedesgarcialaso\",\"https:\/\/x.com\/garcialaso\",\"garcialaso\"]}]}<\/script>\n<!-- \/ Yoast SEO plugin. -->","yoast_head_json":{"title":"Mi 2025 en cinco puntos &#8211; Blog Mercedes GarciaLaso | Psic\u00f3logo Logro\u00f1o","description":"Esta brevedad va en l\u00ednea con mi retiro de las redes, TecleoLento incluido. Y es que todav\u00eda no he decidido cuando volver a la newsletter. Cada vez estoy m\u00e1s convencida de la importancia de escribir para uno mismo. Pero el compartir en un mundo de tanta saturaci\u00f3n me genera contradicciones que todav\u00eda no he resuelto.","robots":{"index":"index","follow":"follow","max-snippet":"max-snippet:-1","max-image-preview":"max-image-preview:large","max-video-preview":"max-video-preview:-1"},"canonical":"https:\/\/garcialaso.com\/blog\/mi-2025-en-cinco-puntos\/","og_locale":"es_ES","og_type":"article","og_title":"Mi 2025 en cinco puntos &#8211; Blog Mercedes GarciaLaso | Psic\u00f3logo Logro\u00f1o","og_description":"Esta brevedad va en l\u00ednea con mi retiro de las redes, TecleoLento incluido. Y es que todav\u00eda no he decidido cuando volver a la newsletter. Cada vez estoy m\u00e1s convencida de la importancia de escribir para uno mismo. Pero el compartir en un mundo de tanta saturaci\u00f3n me genera contradicciones que todav\u00eda no he resuelto.","og_url":"https:\/\/garcialaso.com\/blog\/mi-2025-en-cinco-puntos\/","og_site_name":"Blog Mercedes GarciaLaso | Psic\u00f3logo Logro\u00f1o","article_publisher":"https:\/\/www.facebook.com\/mercedesgarcialaso","article_author":"https:\/\/www.facebook.com\/mercedesgarcialaso","article_published_time":"2025-12-11T17:02:25+00:00","article_modified_time":"2025-12-11T17:10:09+00:00","og_image":[{"width":1696,"height":942,"url":"https:\/\/garcialaso.com\/blog\/wp-content\/uploads\/2025\/12\/Mi-2025-en-cinco-puntos.jpg","type":"image\/jpeg"}],"author":"Mercedes Garcia Laso","twitter_card":"summary_large_image","twitter_creator":"@garcialaso","twitter_site":"@garcialaso","twitter_misc":{"Escrito por":"Mercedes Garcia Laso","Tiempo de lectura":"5 minutos"},"schema":{"@context":"https:\/\/schema.org","@graph":[{"@type":"Article","@id":"https:\/\/garcialaso.com\/blog\/mi-2025-en-cinco-puntos\/#article","isPartOf":{"@id":"https:\/\/garcialaso.com\/blog\/mi-2025-en-cinco-puntos\/"},"author":{"name":"Mercedes Garcia Laso","@id":"https:\/\/garcialaso.com\/blog\/#\/schema\/person\/3b390964103ffbefcb4c84de589aa814"},"headline":"Mi 2025 en cinco puntos","datePublished":"2025-12-11T17:02:25+00:00","dateModified":"2025-12-11T17:10:09+00:00","mainEntityOfPage":{"@id":"https:\/\/garcialaso.com\/blog\/mi-2025-en-cinco-puntos\/"},"wordCount":1103,"commentCount":0,"publisher":{"@id":"https:\/\/garcialaso.com\/blog\/#organization"},"image":{"@id":"https:\/\/garcialaso.com\/blog\/mi-2025-en-cinco-puntos\/#primaryimage"},"thumbnailUrl":"https:\/\/garcialaso.com\/blog\/wp-content\/uploads\/2025\/12\/Mi-2025-en-cinco-puntos.jpg","keywords":["Cuaderno personal"],"articleSection":["Otros GarciaLaso"],"inLanguage":"es","potentialAction":[{"@type":"CommentAction","name":"Comment","target":["https:\/\/garcialaso.com\/blog\/mi-2025-en-cinco-puntos\/#respond"]}]},{"@type":"WebPage","@id":"https:\/\/garcialaso.com\/blog\/mi-2025-en-cinco-puntos\/","url":"https:\/\/garcialaso.com\/blog\/mi-2025-en-cinco-puntos\/","name":"Mi 2025 en cinco puntos &#8211; Blog Mercedes GarciaLaso | Psic\u00f3logo Logro\u00f1o","isPartOf":{"@id":"https:\/\/garcialaso.com\/blog\/#website"},"primaryImageOfPage":{"@id":"https:\/\/garcialaso.com\/blog\/mi-2025-en-cinco-puntos\/#primaryimage"},"image":{"@id":"https:\/\/garcialaso.com\/blog\/mi-2025-en-cinco-puntos\/#primaryimage"},"thumbnailUrl":"https:\/\/garcialaso.com\/blog\/wp-content\/uploads\/2025\/12\/Mi-2025-en-cinco-puntos.jpg","datePublished":"2025-12-11T17:02:25+00:00","dateModified":"2025-12-11T17:10:09+00:00","description":"Esta brevedad va en l\u00ednea con mi retiro de las redes, TecleoLento incluido. Y es que todav\u00eda no he decidido cuando volver a la newsletter. Cada vez estoy m\u00e1s convencida de la importancia de escribir para uno mismo. Pero el compartir en un mundo de tanta saturaci\u00f3n me genera contradicciones que todav\u00eda no he resuelto.","breadcrumb":{"@id":"https:\/\/garcialaso.com\/blog\/mi-2025-en-cinco-puntos\/#breadcrumb"},"inLanguage":"es","potentialAction":[{"@type":"ReadAction","target":["https:\/\/garcialaso.com\/blog\/mi-2025-en-cinco-puntos\/"]}]},{"@type":"ImageObject","inLanguage":"es","@id":"https:\/\/garcialaso.com\/blog\/mi-2025-en-cinco-puntos\/#primaryimage","url":"https:\/\/garcialaso.com\/blog\/wp-content\/uploads\/2025\/12\/Mi-2025-en-cinco-puntos.jpg","contentUrl":"https:\/\/garcialaso.com\/blog\/wp-content\/uploads\/2025\/12\/Mi-2025-en-cinco-puntos.jpg","width":1696,"height":942},{"@type":"BreadcrumbList","@id":"https:\/\/garcialaso.com\/blog\/mi-2025-en-cinco-puntos\/#breadcrumb","itemListElement":[{"@type":"ListItem","position":1,"name":"Portada","item":"https:\/\/garcialaso.com\/blog\/"},{"@type":"ListItem","position":2,"name":"Mi 2025 en cinco puntos"}]},{"@type":"WebSite","@id":"https:\/\/garcialaso.com\/blog\/#website","url":"https:\/\/garcialaso.com\/blog\/","name":"Blog Mercedes GarciaLaso | Psic\u00f3logo Logro\u00f1o","description":"Maneja tus peque\u00f1as y grandes dificultades personales creciendo.","publisher":{"@id":"https:\/\/garcialaso.com\/blog\/#organization"},"potentialAction":[{"@type":"SearchAction","target":{"@type":"EntryPoint","urlTemplate":"https:\/\/garcialaso.com\/blog\/?s={search_term_string}"},"query-input":{"@type":"PropertyValueSpecification","valueRequired":true,"valueName":"search_term_string"}}],"inLanguage":"es"},{"@type":"Organization","@id":"https:\/\/garcialaso.com\/blog\/#organization","name":"Mercedes Garcialaso Psic\u00f3logo","url":"https:\/\/garcialaso.com\/blog\/","logo":{"@type":"ImageObject","inLanguage":"es","@id":"https:\/\/garcialaso.com\/blog\/#\/schema\/logo\/image\/","url":"https:\/\/garcialaso.com\/blog\/wp-content\/uploads\/2015\/12\/avatar-garcialaso-1.jpg","contentUrl":"https:\/\/garcialaso.com\/blog\/wp-content\/uploads\/2015\/12\/avatar-garcialaso-1.jpg","width":400,"height":400,"caption":"Mercedes Garcialaso Psic\u00f3logo"},"image":{"@id":"https:\/\/garcialaso.com\/blog\/#\/schema\/logo\/image\/"},"sameAs":["https:\/\/www.facebook.com\/mercedesgarcialaso","https:\/\/x.com\/garcialaso","http:\/\/mercedesgarcialaso","https:\/\/www.linkedin.com\/in\/mercedesgarcialaso","https:\/\/www.youtube.com\/channel\/UCl0dxRjWcEIXx1lQegoai7Q"]},{"@type":"Person","@id":"https:\/\/garcialaso.com\/blog\/#\/schema\/person\/3b390964103ffbefcb4c84de589aa814","name":"Mercedes Garcia Laso","description":"Psic\u00f3logo cl\u00ednico especializado en psicoterapia y desarrollo personal.","sameAs":["https:\/\/garcialaso.com\/","https:\/\/www.facebook.com\/mercedesgarcialaso","https:\/\/x.com\/garcialaso","garcialaso"]}]}},"_links":{"self":[{"href":"https:\/\/garcialaso.com\/blog\/wp-json\/wp\/v2\/posts\/1869","targetHints":{"allow":["GET"]}}],"collection":[{"href":"https:\/\/garcialaso.com\/blog\/wp-json\/wp\/v2\/posts"}],"about":[{"href":"https:\/\/garcialaso.com\/blog\/wp-json\/wp\/v2\/types\/post"}],"author":[{"embeddable":true,"href":"https:\/\/garcialaso.com\/blog\/wp-json\/wp\/v2\/users\/2"}],"replies":[{"embeddable":true,"href":"https:\/\/garcialaso.com\/blog\/wp-json\/wp\/v2\/comments?post=1869"}],"version-history":[{"count":3,"href":"https:\/\/garcialaso.com\/blog\/wp-json\/wp\/v2\/posts\/1869\/revisions"}],"predecessor-version":[{"id":1875,"href":"https:\/\/garcialaso.com\/blog\/wp-json\/wp\/v2\/posts\/1869\/revisions\/1875"}],"wp:featuredmedia":[{"embeddable":true,"href":"https:\/\/garcialaso.com\/blog\/wp-json\/wp\/v2\/media\/1874"}],"wp:attachment":[{"href":"https:\/\/garcialaso.com\/blog\/wp-json\/wp\/v2\/media?parent=1869"}],"wp:term":[{"taxonomy":"category","embeddable":true,"href":"https:\/\/garcialaso.com\/blog\/wp-json\/wp\/v2\/categories?post=1869"},{"taxonomy":"post_tag","embeddable":true,"href":"https:\/\/garcialaso.com\/blog\/wp-json\/wp\/v2\/tags?post=1869"}],"curies":[{"name":"wp","href":"https:\/\/api.w.org\/{rel}","templated":true}]}}