{"id":1808,"date":"2022-12-19T20:40:57","date_gmt":"2022-12-19T19:40:57","guid":{"rendered":"https:\/\/garcialaso.com\/blog\/?p=1808"},"modified":"2022-12-19T20:40:57","modified_gmt":"2022-12-19T19:40:57","slug":"2022-vaya-con-los-dos-patitos","status":"publish","type":"post","link":"https:\/\/garcialaso.com\/blog\/2022-vaya-con-los-dos-patitos\/","title":{"rendered":"2022, vaya con los dos patitos"},"content":{"rendered":"<p><span style=\"font-weight: 400;\">Un proceso de psicoterapia de \u201cpico y pala\u201d suele llevar a poder disfrutar de lo que se tiene, poder agradecer lo que se tuvo y a una vida m\u00e1s \u00e9tica y libre. Hay muchos que no lo necesitan o lo hacen de otras maneras. No fue mi caso. Y, por suerte y con esfuerzo, me embarqu\u00e9 hace mucho tiempo en ello y hoy recorro el dif\u00edcil camino de la existencia viviendo cada paso lo m\u00e1s que puedo.<\/span><\/p>\n<p><span style=\"font-weight: 400;\">El paso que estoy dando en este preciso momento ya no vuelve, sea bonito, feo, divertido o dif\u00edcil. Y si bien es verdad que en los momentos cr\u00edticos me sigo apoyando en la frase \u201c<a href=\"https:\/\/blogs.larioja.com\/garcialaso-psicologo-logrono\/todo-pasa\/\">todo pasa<\/a>\u201d, tambi\u00e9n es cierto que si abusamos de ella, la vida se nos escurre sin darnos cuenta.<\/span><\/p>\n<p><span style=\"font-weight: 400;\">Evito hablar de cosas muy personales en este blog por cuestiones de mi particular \u00e9tica profesional y porque no me gusta. Pero tambi\u00e9n es cierto que desde 2013 escribo un post por Navidad y \u00faltimamente os hac\u00eda un micro resumen del a\u00f1o. Y este a\u00f1o es complejo articular ambas cosas. As\u00ed que vamos a reducirlo a una palabra: gratitud.<\/span><\/p>\n<p><span style=\"font-weight: 400;\">Inmensa y profunda gratitud.<\/span><\/p>\n<p><span style=\"font-weight: 400;\">Feliz Navidad, navegantes.<\/span><\/p>\n","protected":false},"excerpt":{"rendered":"<p>Evito hablar de cosas muy personales en este blog. Pero tambi\u00e9n es cierto que desde 2013 escribo un post por Navidad y \u00faltimamente os hac\u00eda un micro resumen del a\u00f1o. Y este a\u00f1o es complejo articular ambas cosas.<\/p>\n","protected":false},"author":2,"featured_media":1809,"comment_status":"open","ping_status":"open","sticky":false,"template":"","format":"standard","meta":{"generate_page_header":"","footnotes":""},"categories":[1],"tags":[55],"class_list":["post-1808","post","type-post","status-publish","format-standard","has-post-thumbnail","hentry","category-otros-garcialaso","tag-cuaderno-personal","generate-columns","tablet-grid-50","mobile-grid-100","grid-parent","grid-50"],"yoast_head":"<!-- This site is optimized with the Yoast SEO plugin v26.5 - https:\/\/yoast.com\/wordpress\/plugins\/seo\/ -->\n<title>2022, vaya con los dos patitos &#8211; Blog Mercedes GarciaLaso | Psic\u00f3logo Logro\u00f1o<\/title>\n<meta name=\"description\" content=\"Evito hablar de cosas muy personales en este blog. Pero tambi\u00e9n es cierto que desde 2013 escribo un post por Navidad y \u00faltimamente os hac\u00eda un micro resumen del a\u00f1o. Este a\u00f1o es complejo articular ambas cosas.\" \/>\n<meta name=\"robots\" content=\"index, follow, max-snippet:-1, max-image-preview:large, max-video-preview:-1\" \/>\n<link rel=\"canonical\" href=\"https:\/\/garcialaso.com\/blog\/2022-vaya-con-los-dos-patitos\/\" \/>\n<meta property=\"og:locale\" content=\"es_ES\" \/>\n<meta property=\"og:type\" content=\"article\" \/>\n<meta property=\"og:title\" content=\"2022, vaya con los dos patitos &#8211; Blog Mercedes GarciaLaso | Psic\u00f3logo Logro\u00f1o\" \/>\n<meta property=\"og:description\" content=\"Evito hablar de cosas muy personales en este blog. Pero tambi\u00e9n es cierto que desde 2013 escribo un post por Navidad y \u00faltimamente os hac\u00eda un micro resumen del a\u00f1o. Este a\u00f1o es complejo articular ambas cosas.\" \/>\n<meta property=\"og:url\" content=\"https:\/\/garcialaso.com\/blog\/2022-vaya-con-los-dos-patitos\/\" \/>\n<meta property=\"og:site_name\" content=\"Blog Mercedes GarciaLaso | Psic\u00f3logo Logro\u00f1o\" \/>\n<meta property=\"article:publisher\" content=\"https:\/\/www.facebook.com\/mercedesgarcialaso\" \/>\n<meta property=\"article:author\" content=\"https:\/\/www.facebook.com\/mercedesgarcialaso\" \/>\n<meta property=\"article:published_time\" content=\"2022-12-19T19:40:57+00:00\" \/>\n<meta property=\"og:image\" content=\"https:\/\/garcialaso.com\/blog\/wp-content\/uploads\/2022\/12\/feliz-navidad-2022-1024x768.png\" \/>\n\t<meta property=\"og:image:width\" content=\"1024\" \/>\n\t<meta property=\"og:image:height\" content=\"768\" \/>\n\t<meta property=\"og:image:type\" content=\"image\/png\" \/>\n<meta name=\"author\" content=\"Mercedes Garcia Laso\" \/>\n<meta name=\"twitter:card\" content=\"summary_large_image\" \/>\n<meta name=\"twitter:description\" content=\"Evito hablar de cosas muy personales en este blog. Pero tambi\u00e9n es cierto que desde 2013 escribo un post por Navidad y \u00faltimamente os hac\u00eda un micro resumen del a\u00f1o. Este a\u00f1o es complejo articular ambas cosas.\" \/>\n<meta name=\"twitter:creator\" content=\"@garcialaso\" \/>\n<meta name=\"twitter:site\" content=\"@garcialaso\" \/>\n<meta name=\"twitter:label1\" content=\"Escrito por\" \/>\n\t<meta name=\"twitter:data1\" content=\"Mercedes Garcia Laso\" \/>\n\t<meta name=\"twitter:label2\" content=\"Tiempo de lectura\" \/>\n\t<meta name=\"twitter:data2\" content=\"1 minuto\" \/>\n<script type=\"application\/ld+json\" class=\"yoast-schema-graph\">{\"@context\":\"https:\/\/schema.org\",\"@graph\":[{\"@type\":\"Article\",\"@id\":\"https:\/\/garcialaso.com\/blog\/2022-vaya-con-los-dos-patitos\/#article\",\"isPartOf\":{\"@id\":\"https:\/\/garcialaso.com\/blog\/2022-vaya-con-los-dos-patitos\/\"},\"author\":{\"name\":\"Mercedes Garcia Laso\",\"@id\":\"https:\/\/garcialaso.com\/blog\/#\/schema\/person\/3b390964103ffbefcb4c84de589aa814\"},\"headline\":\"2022, vaya con los dos patitos\",\"datePublished\":\"2022-12-19T19:40:57+00:00\",\"mainEntityOfPage\":{\"@id\":\"https:\/\/garcialaso.com\/blog\/2022-vaya-con-los-dos-patitos\/\"},\"wordCount\":209,\"commentCount\":0,\"publisher\":{\"@id\":\"https:\/\/garcialaso.com\/blog\/#organization\"},\"image\":{\"@id\":\"https:\/\/garcialaso.com\/blog\/2022-vaya-con-los-dos-patitos\/#primaryimage\"},\"thumbnailUrl\":\"https:\/\/garcialaso.com\/blog\/wp-content\/uploads\/2022\/12\/feliz-navidad-2022.png\",\"keywords\":[\"Cuaderno personal\"],\"articleSection\":[\"Otros GarciaLaso\"],\"inLanguage\":\"es\",\"potentialAction\":[{\"@type\":\"CommentAction\",\"name\":\"Comment\",\"target\":[\"https:\/\/garcialaso.com\/blog\/2022-vaya-con-los-dos-patitos\/#respond\"]}]},{\"@type\":\"WebPage\",\"@id\":\"https:\/\/garcialaso.com\/blog\/2022-vaya-con-los-dos-patitos\/\",\"url\":\"https:\/\/garcialaso.com\/blog\/2022-vaya-con-los-dos-patitos\/\",\"name\":\"2022, vaya con los dos patitos &#8211; Blog Mercedes GarciaLaso | Psic\u00f3logo Logro\u00f1o\",\"isPartOf\":{\"@id\":\"https:\/\/garcialaso.com\/blog\/#website\"},\"primaryImageOfPage\":{\"@id\":\"https:\/\/garcialaso.com\/blog\/2022-vaya-con-los-dos-patitos\/#primaryimage\"},\"image\":{\"@id\":\"https:\/\/garcialaso.com\/blog\/2022-vaya-con-los-dos-patitos\/#primaryimage\"},\"thumbnailUrl\":\"https:\/\/garcialaso.com\/blog\/wp-content\/uploads\/2022\/12\/feliz-navidad-2022.png\",\"datePublished\":\"2022-12-19T19:40:57+00:00\",\"description\":\"Evito hablar de cosas muy personales en este blog. Pero tambi\u00e9n es cierto que desde 2013 escribo un post por Navidad y \u00faltimamente os hac\u00eda un micro resumen del a\u00f1o. Este a\u00f1o es complejo articular ambas cosas.\",\"breadcrumb\":{\"@id\":\"https:\/\/garcialaso.com\/blog\/2022-vaya-con-los-dos-patitos\/#breadcrumb\"},\"inLanguage\":\"es\",\"potentialAction\":[{\"@type\":\"ReadAction\",\"target\":[\"https:\/\/garcialaso.com\/blog\/2022-vaya-con-los-dos-patitos\/\"]}]},{\"@type\":\"ImageObject\",\"inLanguage\":\"es\",\"@id\":\"https:\/\/garcialaso.com\/blog\/2022-vaya-con-los-dos-patitos\/#primaryimage\",\"url\":\"https:\/\/garcialaso.com\/blog\/wp-content\/uploads\/2022\/12\/feliz-navidad-2022.png\",\"contentUrl\":\"https:\/\/garcialaso.com\/blog\/wp-content\/uploads\/2022\/12\/feliz-navidad-2022.png\",\"width\":1687,\"height\":1265},{\"@type\":\"BreadcrumbList\",\"@id\":\"https:\/\/garcialaso.com\/blog\/2022-vaya-con-los-dos-patitos\/#breadcrumb\",\"itemListElement\":[{\"@type\":\"ListItem\",\"position\":1,\"name\":\"Portada\",\"item\":\"https:\/\/garcialaso.com\/blog\/\"},{\"@type\":\"ListItem\",\"position\":2,\"name\":\"2022, vaya con los dos patitos\"}]},{\"@type\":\"WebSite\",\"@id\":\"https:\/\/garcialaso.com\/blog\/#website\",\"url\":\"https:\/\/garcialaso.com\/blog\/\",\"name\":\"Blog Mercedes GarciaLaso | Psic\u00f3logo Logro\u00f1o\",\"description\":\"Maneja tus peque\u00f1as y grandes dificultades personales creciendo.\",\"publisher\":{\"@id\":\"https:\/\/garcialaso.com\/blog\/#organization\"},\"potentialAction\":[{\"@type\":\"SearchAction\",\"target\":{\"@type\":\"EntryPoint\",\"urlTemplate\":\"https:\/\/garcialaso.com\/blog\/?s={search_term_string}\"},\"query-input\":{\"@type\":\"PropertyValueSpecification\",\"valueRequired\":true,\"valueName\":\"search_term_string\"}}],\"inLanguage\":\"es\"},{\"@type\":\"Organization\",\"@id\":\"https:\/\/garcialaso.com\/blog\/#organization\",\"name\":\"Mercedes Garcialaso Psic\u00f3logo\",\"url\":\"https:\/\/garcialaso.com\/blog\/\",\"logo\":{\"@type\":\"ImageObject\",\"inLanguage\":\"es\",\"@id\":\"https:\/\/garcialaso.com\/blog\/#\/schema\/logo\/image\/\",\"url\":\"https:\/\/garcialaso.com\/blog\/wp-content\/uploads\/2015\/12\/avatar-garcialaso-1.jpg\",\"contentUrl\":\"https:\/\/garcialaso.com\/blog\/wp-content\/uploads\/2015\/12\/avatar-garcialaso-1.jpg\",\"width\":400,\"height\":400,\"caption\":\"Mercedes Garcialaso Psic\u00f3logo\"},\"image\":{\"@id\":\"https:\/\/garcialaso.com\/blog\/#\/schema\/logo\/image\/\"},\"sameAs\":[\"https:\/\/www.facebook.com\/mercedesgarcialaso\",\"https:\/\/x.com\/garcialaso\",\"http:\/\/mercedesgarcialaso\",\"https:\/\/www.linkedin.com\/in\/mercedesgarcialaso\",\"https:\/\/www.youtube.com\/channel\/UCl0dxRjWcEIXx1lQegoai7Q\"]},{\"@type\":\"Person\",\"@id\":\"https:\/\/garcialaso.com\/blog\/#\/schema\/person\/3b390964103ffbefcb4c84de589aa814\",\"name\":\"Mercedes Garcia Laso\",\"description\":\"Psic\u00f3logo cl\u00ednico especializado en psicoterapia y desarrollo personal.\",\"sameAs\":[\"https:\/\/garcialaso.com\/\",\"https:\/\/www.facebook.com\/mercedesgarcialaso\",\"https:\/\/x.com\/garcialaso\",\"garcialaso\"]}]}<\/script>\n<!-- \/ Yoast SEO plugin. -->","yoast_head_json":{"title":"2022, vaya con los dos patitos &#8211; Blog Mercedes GarciaLaso | Psic\u00f3logo Logro\u00f1o","description":"Evito hablar de cosas muy personales en este blog. Pero tambi\u00e9n es cierto que desde 2013 escribo un post por Navidad y \u00faltimamente os hac\u00eda un micro resumen del a\u00f1o. Este a\u00f1o es complejo articular ambas cosas.","robots":{"index":"index","follow":"follow","max-snippet":"max-snippet:-1","max-image-preview":"max-image-preview:large","max-video-preview":"max-video-preview:-1"},"canonical":"https:\/\/garcialaso.com\/blog\/2022-vaya-con-los-dos-patitos\/","og_locale":"es_ES","og_type":"article","og_title":"2022, vaya con los dos patitos &#8211; Blog Mercedes GarciaLaso | Psic\u00f3logo Logro\u00f1o","og_description":"Evito hablar de cosas muy personales en este blog. Pero tambi\u00e9n es cierto que desde 2013 escribo un post por Navidad y \u00faltimamente os hac\u00eda un micro resumen del a\u00f1o. Este a\u00f1o es complejo articular ambas cosas.","og_url":"https:\/\/garcialaso.com\/blog\/2022-vaya-con-los-dos-patitos\/","og_site_name":"Blog Mercedes GarciaLaso | Psic\u00f3logo Logro\u00f1o","article_publisher":"https:\/\/www.facebook.com\/mercedesgarcialaso","article_author":"https:\/\/www.facebook.com\/mercedesgarcialaso","article_published_time":"2022-12-19T19:40:57+00:00","og_image":[{"width":1024,"height":768,"url":"https:\/\/garcialaso.com\/blog\/wp-content\/uploads\/2022\/12\/feliz-navidad-2022-1024x768.png","type":"image\/png"}],"author":"Mercedes Garcia Laso","twitter_card":"summary_large_image","twitter_description":"Evito hablar de cosas muy personales en este blog. Pero tambi\u00e9n es cierto que desde 2013 escribo un post por Navidad y \u00faltimamente os hac\u00eda un micro resumen del a\u00f1o. Este a\u00f1o es complejo articular ambas cosas.","twitter_creator":"@garcialaso","twitter_site":"@garcialaso","twitter_misc":{"Escrito por":"Mercedes Garcia Laso","Tiempo de lectura":"1 minuto"},"schema":{"@context":"https:\/\/schema.org","@graph":[{"@type":"Article","@id":"https:\/\/garcialaso.com\/blog\/2022-vaya-con-los-dos-patitos\/#article","isPartOf":{"@id":"https:\/\/garcialaso.com\/blog\/2022-vaya-con-los-dos-patitos\/"},"author":{"name":"Mercedes Garcia Laso","@id":"https:\/\/garcialaso.com\/blog\/#\/schema\/person\/3b390964103ffbefcb4c84de589aa814"},"headline":"2022, vaya con los dos patitos","datePublished":"2022-12-19T19:40:57+00:00","mainEntityOfPage":{"@id":"https:\/\/garcialaso.com\/blog\/2022-vaya-con-los-dos-patitos\/"},"wordCount":209,"commentCount":0,"publisher":{"@id":"https:\/\/garcialaso.com\/blog\/#organization"},"image":{"@id":"https:\/\/garcialaso.com\/blog\/2022-vaya-con-los-dos-patitos\/#primaryimage"},"thumbnailUrl":"https:\/\/garcialaso.com\/blog\/wp-content\/uploads\/2022\/12\/feliz-navidad-2022.png","keywords":["Cuaderno personal"],"articleSection":["Otros GarciaLaso"],"inLanguage":"es","potentialAction":[{"@type":"CommentAction","name":"Comment","target":["https:\/\/garcialaso.com\/blog\/2022-vaya-con-los-dos-patitos\/#respond"]}]},{"@type":"WebPage","@id":"https:\/\/garcialaso.com\/blog\/2022-vaya-con-los-dos-patitos\/","url":"https:\/\/garcialaso.com\/blog\/2022-vaya-con-los-dos-patitos\/","name":"2022, vaya con los dos patitos &#8211; Blog Mercedes GarciaLaso | Psic\u00f3logo Logro\u00f1o","isPartOf":{"@id":"https:\/\/garcialaso.com\/blog\/#website"},"primaryImageOfPage":{"@id":"https:\/\/garcialaso.com\/blog\/2022-vaya-con-los-dos-patitos\/#primaryimage"},"image":{"@id":"https:\/\/garcialaso.com\/blog\/2022-vaya-con-los-dos-patitos\/#primaryimage"},"thumbnailUrl":"https:\/\/garcialaso.com\/blog\/wp-content\/uploads\/2022\/12\/feliz-navidad-2022.png","datePublished":"2022-12-19T19:40:57+00:00","description":"Evito hablar de cosas muy personales en este blog. Pero tambi\u00e9n es cierto que desde 2013 escribo un post por Navidad y \u00faltimamente os hac\u00eda un micro resumen del a\u00f1o. Este a\u00f1o es complejo articular ambas cosas.","breadcrumb":{"@id":"https:\/\/garcialaso.com\/blog\/2022-vaya-con-los-dos-patitos\/#breadcrumb"},"inLanguage":"es","potentialAction":[{"@type":"ReadAction","target":["https:\/\/garcialaso.com\/blog\/2022-vaya-con-los-dos-patitos\/"]}]},{"@type":"ImageObject","inLanguage":"es","@id":"https:\/\/garcialaso.com\/blog\/2022-vaya-con-los-dos-patitos\/#primaryimage","url":"https:\/\/garcialaso.com\/blog\/wp-content\/uploads\/2022\/12\/feliz-navidad-2022.png","contentUrl":"https:\/\/garcialaso.com\/blog\/wp-content\/uploads\/2022\/12\/feliz-navidad-2022.png","width":1687,"height":1265},{"@type":"BreadcrumbList","@id":"https:\/\/garcialaso.com\/blog\/2022-vaya-con-los-dos-patitos\/#breadcrumb","itemListElement":[{"@type":"ListItem","position":1,"name":"Portada","item":"https:\/\/garcialaso.com\/blog\/"},{"@type":"ListItem","position":2,"name":"2022, vaya con los dos patitos"}]},{"@type":"WebSite","@id":"https:\/\/garcialaso.com\/blog\/#website","url":"https:\/\/garcialaso.com\/blog\/","name":"Blog Mercedes GarciaLaso | Psic\u00f3logo Logro\u00f1o","description":"Maneja tus peque\u00f1as y grandes dificultades personales creciendo.","publisher":{"@id":"https:\/\/garcialaso.com\/blog\/#organization"},"potentialAction":[{"@type":"SearchAction","target":{"@type":"EntryPoint","urlTemplate":"https:\/\/garcialaso.com\/blog\/?s={search_term_string}"},"query-input":{"@type":"PropertyValueSpecification","valueRequired":true,"valueName":"search_term_string"}}],"inLanguage":"es"},{"@type":"Organization","@id":"https:\/\/garcialaso.com\/blog\/#organization","name":"Mercedes Garcialaso Psic\u00f3logo","url":"https:\/\/garcialaso.com\/blog\/","logo":{"@type":"ImageObject","inLanguage":"es","@id":"https:\/\/garcialaso.com\/blog\/#\/schema\/logo\/image\/","url":"https:\/\/garcialaso.com\/blog\/wp-content\/uploads\/2015\/12\/avatar-garcialaso-1.jpg","contentUrl":"https:\/\/garcialaso.com\/blog\/wp-content\/uploads\/2015\/12\/avatar-garcialaso-1.jpg","width":400,"height":400,"caption":"Mercedes Garcialaso Psic\u00f3logo"},"image":{"@id":"https:\/\/garcialaso.com\/blog\/#\/schema\/logo\/image\/"},"sameAs":["https:\/\/www.facebook.com\/mercedesgarcialaso","https:\/\/x.com\/garcialaso","http:\/\/mercedesgarcialaso","https:\/\/www.linkedin.com\/in\/mercedesgarcialaso","https:\/\/www.youtube.com\/channel\/UCl0dxRjWcEIXx1lQegoai7Q"]},{"@type":"Person","@id":"https:\/\/garcialaso.com\/blog\/#\/schema\/person\/3b390964103ffbefcb4c84de589aa814","name":"Mercedes Garcia Laso","description":"Psic\u00f3logo cl\u00ednico especializado en psicoterapia y desarrollo personal.","sameAs":["https:\/\/garcialaso.com\/","https:\/\/www.facebook.com\/mercedesgarcialaso","https:\/\/x.com\/garcialaso","garcialaso"]}]}},"_links":{"self":[{"href":"https:\/\/garcialaso.com\/blog\/wp-json\/wp\/v2\/posts\/1808","targetHints":{"allow":["GET"]}}],"collection":[{"href":"https:\/\/garcialaso.com\/blog\/wp-json\/wp\/v2\/posts"}],"about":[{"href":"https:\/\/garcialaso.com\/blog\/wp-json\/wp\/v2\/types\/post"}],"author":[{"embeddable":true,"href":"https:\/\/garcialaso.com\/blog\/wp-json\/wp\/v2\/users\/2"}],"replies":[{"embeddable":true,"href":"https:\/\/garcialaso.com\/blog\/wp-json\/wp\/v2\/comments?post=1808"}],"version-history":[{"count":2,"href":"https:\/\/garcialaso.com\/blog\/wp-json\/wp\/v2\/posts\/1808\/revisions"}],"predecessor-version":[{"id":1811,"href":"https:\/\/garcialaso.com\/blog\/wp-json\/wp\/v2\/posts\/1808\/revisions\/1811"}],"wp:featuredmedia":[{"embeddable":true,"href":"https:\/\/garcialaso.com\/blog\/wp-json\/wp\/v2\/media\/1809"}],"wp:attachment":[{"href":"https:\/\/garcialaso.com\/blog\/wp-json\/wp\/v2\/media?parent=1808"}],"wp:term":[{"taxonomy":"category","embeddable":true,"href":"https:\/\/garcialaso.com\/blog\/wp-json\/wp\/v2\/categories?post=1808"},{"taxonomy":"post_tag","embeddable":true,"href":"https:\/\/garcialaso.com\/blog\/wp-json\/wp\/v2\/tags?post=1808"}],"curies":[{"name":"wp","href":"https:\/\/api.w.org\/{rel}","templated":true}]}}