{"id":1751,"date":"2019-12-16T12:53:07","date_gmt":"2019-12-16T11:53:07","guid":{"rendered":"https:\/\/garcialaso.com\/blog\/?p=1751"},"modified":"2019-12-16T13:36:47","modified_gmt":"2019-12-16T12:36:47","slug":"resumen-2019","status":"publish","type":"post","link":"https:\/\/garcialaso.com\/blog\/resumen-2019\/","title":{"rendered":"Mi resumen de 2019 con mis mejores deseos para estas fiestas"},"content":{"rendered":"<p>Como parece que s\u00f3lo escribo en este blog en estas fechas, se me ha ocurrido esta vez, para felicitaros las fiestas y el nuevo a\u00f1o, compartiros un peque\u00f1o resumen de mi 2019.<\/p>\n<p>Los \u00faltimos meses de 2018 fueron complicados de salud, con m\u00e1s dolor y limitaci\u00f3n del habitual. Esto hizo que mi prop\u00f3sito principal para el a\u00f1o entrante fuera \u201c<strong>cuidarme<\/strong>\u201d. Y estoy contenta con el resultado:<\/p>\n<p>1\u00ba. Por primera vez hago ejercicios todos los d\u00edas. Es poco tiempo pero no fallo ni uno. Lo cual es un gran \u00e9xito dada mi inconstancia en este \u00e1mbito.<\/p>\n<p>2\u00ba. Llevo casi un a\u00f1o meditando todos los d\u00edas. Y esto tambi\u00e9n es logro porque, aunque con menos recorrido temporal, me pasaba como con el punto anterior (empezaba, persist\u00eda semanas o meses y lo dejaba hasta que al tiempo lo volv\u00eda a intentar).<\/p>\n<p>Y 3\u00ba. He retomado mi diario. Como el resto del autocuidado comentado, me cuesta pero gracias a mi proceso de autoconocimiento estoy avanzando en el camino de lo que me sienta bien aunque me cueste (no desde el voluntarismo sino desde un saber profundo).<\/p>\n<p>Por otra parte, el octubre pasado (2018) comenc\u00e9 el <strong>m\u00e1ster<\/strong> Psicopatolog\u00eda y Cl\u00ednica Psicoanal\u00edtica en la Universidad de Valladolid. Casi cancelo la matr\u00edcula por lo que os comentaba en el p\u00e1rrafo anterior. Pero he visto que cuando hay deseo es mejor intentar las cosas. Incluso busqu\u00e9 all\u00e1 un asistente personal por si lo necesitaba para vestirme y dem\u00e1s. Afortunadamente no hizo falta y con la mochila cargada de analg\u00e9sicos, artilugios tipo manta el\u00e9ctrica y emociones contrapuestas, all\u00e1 que me fui.<\/p>\n<p>Es una vez al mes durante dos a\u00f1os y la verdad es que me da mucha vidilla: tanto por las clases, como por la gente (ejemplo, intercambiar inquietudes de casos, mola) y por salir de tu ciudad volviendo un poco como a la vida de estudiante (bastantes nos quedamos en la misma residencia de posgrado). En contra partida, est\u00e1n los problemas (accesibilidad en sentido amplio) que me encuentro cuando salgo de mi rutina. Creo que es as\u00ed para todo el que tiene dificultades del tipo que sea: a las propias, se les suma las que te pone el entorno. Por suerte, hay gente amable (en sentido etimol\u00f3gico) que compensa.<\/p>\n<p>Trabajar con pacientes es complejo. En el m\u00e1ster todos lo hacemos desde hace a\u00f1os. Y ah\u00ed estamos queriendo entender m\u00e1s para acompa\u00f1ar mejor a las personas que atendemos. Os dejo el enlace de estos estudios, muy recomendables por cierto: <a href=\"https:\/\/www.laotrapsiquiatria.com\/2018\/04\/master-titulo-propio-en-psicopatologia-y-clinica-psicoanalitica\/\" target=\"_blank\" rel=\"noopener noreferrer\">M\u00e1ster Psicopatolog\u00eda y Cl\u00ednica Psicoanal\u00edtica<\/a>.<\/p>\n<p>De todas maneras, en mi \u201crebeld\u00eda\u201d, tambi\u00e9n sigo <strong>leyendo otras cosas<\/strong> (aunque ya sab\u00e9is que por desgracia leer no es lo m\u00edo). Mark Epstein y su integraci\u00f3n de psicoan\u00e1lisis y budismo me ha encantado (ejemplo: relacionar la actitud meditativa con la madre suficientemente buena de Winnicott).<\/p>\n<p>Contin\u00fao. <strong>La consulta<\/strong> sigue progresando. Y ahora mucho m\u00e1s c\u00f3moda para m\u00ed porque Roberto me ha colocado un dispositivo para poder abrir la puerta sin tener que levantarme. Por otro lado, tambi\u00e9n me he enfocado en organizarme mejor: todos los m\u00e9todos que me sirvan para compensar un poco mi lentitud \u201ctortuguil\u201d, son bienvenidos. Ah, en este apartado de \u201ctrabajo\u201d no me puedo dejar tres apariciones en los <strong>medios<\/strong> (<a href=\"https:\/\/cadenaser.com\/emisora\/2019\/03\/07\/radio_rioja\/1551966449_519141.html\" target=\"_blank\" rel=\"noopener noreferrer\">Retrato Sonoro en Cadena SER<\/a>; Contraportada del Diario La Rioja (edici\u00f3n impresa); y <a href=\"http:\/\/noticiasdelarioja.com\/la-fuerza-de-las-mujeres-mercedes-garcia-laso\/\" target=\"_blank\" rel=\"noopener noreferrer\">entrevista en Noticias de La Rioja<\/a>) y que Nieves, mi editora (<a href=\"http:\/\/eunateediciones.com\/producto\/minimapas-para-tormentas-2\/\" target=\"_blank\" rel=\"noopener noreferrer\">Ediciones Eunate<\/a>), se ha jubilado y tuvo el detallazo de venir a presentarme a su relevo, Mar\u00eda Oset. Fue una reuni\u00f3n realmente entra\u00f1able, que me dej\u00f3 huella.<\/p>\n<p>Por \u00faltimo, sigo en \u00e9poca poco <strong>social<\/strong> (estoy pensando que yo quiz\u00e1 sea as\u00ed y las temporadas de hiper sociabilidad sean la excepci\u00f3n). Prefiero estar con mi gente m\u00e1s cercana y de vez en cuando hacer (o que me hagan) una visita a grandes amigos que tengo repartidos por la geograf\u00eda. Estas escapadas, aunque me dan pereza, me sientan de maravilla. As\u00ed como el silencio, que cada vez lo busco m\u00e1s. Aunque tambi\u00e9n he ido al <a href=\"https:\/\/www.muwi.es\/\" target=\"_blank\" rel=\"noopener noreferrer\">Muwi<\/a> (festival de m\u00fasica indie y electr\u00f3nica en Logro\u00f1o) y lo disfrut\u00e9 un mont\u00f3n, mont\u00f3n. Sigo siendo mujer de contrastes y contradicciones, jeje.<\/p>\n<p>En fin, esta es la versi\u00f3n para todos los p\u00fablicos del <strong>balance<\/strong> que he hecho en mi diario de este 2019. Es la primera vez que hago este ejercicio y la verdad es que me ha gustado. Creo que no lo solemos hacer por diferentes motivos. Tambi\u00e9n hay que ver si a ti te ayuda. Pero en todo caso, ampararse en la \u201ct\u00e9cnica del avestruz\u201d no es buena idea. El \u201ctruco\u201d es la actitud compasiva con uno mismo, en el sentido budista. Y esencial, no olvidar salir del egocentrismo.<\/p>\n<p>Te guste o no la navidad, te invito a que \u201cveas\u201d lo que te rodea. Hay maldad pero tambi\u00e9n bondad. No caminemos mirando al m\u00f3vil. <strong>Pasa buenas fiestas<\/strong> y mis mejores deseos para el nuevo a\u00f1o!<\/p>\n<p>(<a href=\"https:\/\/open.spotify.com\/track\/0XaahUyVnyGj4acZhAxMrO?si=k6WRta6FQ-yuhdhPTksFgw\" target=\"_blank\" rel=\"noopener noreferrer\"><em>Canci\u00f3n Bajo el Sol de Luis Paniagua<\/em><\/a>)<\/p>\n<div id='gallery-1' class='gallery galleryid-1751 gallery-columns-2 gallery-size-medium'><figure class='gallery-item'>\n\t\t\t<div class='gallery-icon portrait'>\n\t\t\t\t<a href='https:\/\/garcialaso.com\/blog\/resumen-2019\/mercedes-garcialaso-psicologo-logrono-noticias-de-la-rioja-2019-05-10-a\/#main'><img loading=\"lazy\" decoding=\"async\" width=\"235\" height=\"300\" src=\"https:\/\/garcialaso.com\/blog\/wp-content\/uploads\/2019\/12\/mercedes-garcialaso-psicologo-logrono-noticias-de-la-rioja-2019-05-10-a-235x300.jpg\" class=\"attachment-medium size-medium\" alt=\"mercedes-garcialaso-psicologo-logrono-noticias-de-la-rioja\" srcset=\"https:\/\/garcialaso.com\/blog\/wp-content\/uploads\/2019\/12\/mercedes-garcialaso-psicologo-logrono-noticias-de-la-rioja-2019-05-10-a-235x300.jpg 235w, https:\/\/garcialaso.com\/blog\/wp-content\/uploads\/2019\/12\/mercedes-garcialaso-psicologo-logrono-noticias-de-la-rioja-2019-05-10-a-768x980.jpg 768w, https:\/\/garcialaso.com\/blog\/wp-content\/uploads\/2019\/12\/mercedes-garcialaso-psicologo-logrono-noticias-de-la-rioja-2019-05-10-a-802x1024.jpg 802w, https:\/\/garcialaso.com\/blog\/wp-content\/uploads\/2019\/12\/mercedes-garcialaso-psicologo-logrono-noticias-de-la-rioja-2019-05-10-a.jpg 1713w\" sizes=\"auto, (max-width: 235px) 100vw, 235px\" \/><\/a>\n\t\t\t<\/div><\/figure><figure class='gallery-item'>\n\t\t\t<div class='gallery-icon portrait'>\n\t\t\t\t<a href='https:\/\/garcialaso.com\/blog\/resumen-2019\/mercedes-garcialaso-psicologo-logrono-noticias-de-la-rioja-2019-05-10-b\/#main'><img loading=\"lazy\" decoding=\"async\" width=\"235\" height=\"300\" src=\"https:\/\/garcialaso.com\/blog\/wp-content\/uploads\/2019\/12\/mercedes-garcialaso-psicologo-logrono-noticias-de-la-rioja-2019-05-10-b-235x300.jpg\" class=\"attachment-medium size-medium\" alt=\"mercedes-garcialaso-psicologo-logrono-noticias-de-la-rioja\" srcset=\"https:\/\/garcialaso.com\/blog\/wp-content\/uploads\/2019\/12\/mercedes-garcialaso-psicologo-logrono-noticias-de-la-rioja-2019-05-10-b-235x300.jpg 235w, https:\/\/garcialaso.com\/blog\/wp-content\/uploads\/2019\/12\/mercedes-garcialaso-psicologo-logrono-noticias-de-la-rioja-2019-05-10-b-768x980.jpg 768w, https:\/\/garcialaso.com\/blog\/wp-content\/uploads\/2019\/12\/mercedes-garcialaso-psicologo-logrono-noticias-de-la-rioja-2019-05-10-b-802x1024.jpg 802w, https:\/\/garcialaso.com\/blog\/wp-content\/uploads\/2019\/12\/mercedes-garcialaso-psicologo-logrono-noticias-de-la-rioja-2019-05-10-b.jpg 1713w\" sizes=\"auto, (max-width: 235px) 100vw, 235px\" \/><\/a>\n\t\t\t<\/div><\/figure><figure class='gallery-item'>\n\t\t\t<div class='gallery-icon landscape'>\n\t\t\t\t<a href='https:\/\/garcialaso.com\/blog\/resumen-2019\/diario-la-rioja-mercedes-garcialaso-psicologo-logrono-2019-04-22\/#main'><img loading=\"lazy\" decoding=\"async\" width=\"300\" height=\"225\" src=\"https:\/\/garcialaso.com\/blog\/wp-content\/uploads\/2019\/12\/diario-la-rioja-mercedes-garcialaso-psicologo-logrono-2019-04-22-300x225.jpeg\" class=\"attachment-medium size-medium\" alt=\"mercedes-garcialaso-psicologo-logrono-diario-la-rioja\" srcset=\"https:\/\/garcialaso.com\/blog\/wp-content\/uploads\/2019\/12\/diario-la-rioja-mercedes-garcialaso-psicologo-logrono-2019-04-22-300x225.jpeg 300w, https:\/\/garcialaso.com\/blog\/wp-content\/uploads\/2019\/12\/diario-la-rioja-mercedes-garcialaso-psicologo-logrono-2019-04-22-768x576.jpeg 768w, https:\/\/garcialaso.com\/blog\/wp-content\/uploads\/2019\/12\/diario-la-rioja-mercedes-garcialaso-psicologo-logrono-2019-04-22-1024x768.jpeg 1024w, https:\/\/garcialaso.com\/blog\/wp-content\/uploads\/2019\/12\/diario-la-rioja-mercedes-garcialaso-psicologo-logrono-2019-04-22.jpeg 1599w\" sizes=\"auto, (max-width: 300px) 100vw, 300px\" \/><\/a>\n\t\t\t<\/div><\/figure><figure class='gallery-item'>\n\t\t\t<div class='gallery-icon landscape'>\n\t\t\t\t<a href='https:\/\/garcialaso.com\/blog\/resumen-2019\/resumen-2019\/#main'><img loading=\"lazy\" decoding=\"async\" width=\"300\" height=\"300\" src=\"https:\/\/garcialaso.com\/blog\/wp-content\/uploads\/2019\/12\/resumen-2019-300x300.png\" class=\"attachment-medium size-medium\" alt=\"\" srcset=\"https:\/\/garcialaso.com\/blog\/wp-content\/uploads\/2019\/12\/resumen-2019-300x300.png 300w, https:\/\/garcialaso.com\/blog\/wp-content\/uploads\/2019\/12\/resumen-2019-150x150.png 150w, https:\/\/garcialaso.com\/blog\/wp-content\/uploads\/2019\/12\/resumen-2019-768x768.png 768w, https:\/\/garcialaso.com\/blog\/wp-content\/uploads\/2019\/12\/resumen-2019.png 799w\" sizes=\"auto, (max-width: 300px) 100vw, 300px\" \/><\/a>\n\t\t\t<\/div><\/figure>\n\t\t<\/div>\n\n","protected":false},"excerpt":{"rendered":"<p>Como parece que s\u00f3lo escribo en este blog en estas fechas, se me ha ocurrido esta vez, para felicitaros las fiestas y el nuevo a\u00f1o, compartiros un peque\u00f1o resumen de mi 2019.<\/p>\n","protected":false},"author":2,"featured_media":1753,"comment_status":"open","ping_status":"open","sticky":false,"template":"","format":"standard","meta":{"generate_page_header":"","footnotes":""},"categories":[1],"tags":[55],"class_list":["post-1751","post","type-post","status-publish","format-standard","has-post-thumbnail","hentry","category-otros-garcialaso","tag-cuaderno-personal","generate-columns","tablet-grid-50","mobile-grid-100","grid-parent","grid-50"],"yoast_head":"<!-- This site is optimized with the Yoast SEO plugin v26.5 - https:\/\/yoast.com\/wordpress\/plugins\/seo\/ -->\n<title>Mi resumen de 2019 con mis mejores deseos para estas fiestas &#8211; Blog Mercedes GarciaLaso | Psic\u00f3logo Logro\u00f1o<\/title>\n<meta name=\"description\" content=\"Como parece que s\u00f3lo escribo en este blog en estas fechas, se me ha ocurrido esta vez, para felicitaros las fiestas y el nuevo a\u00f1o, compartiros un peque\u00f1o resumen de mi 2019.\" \/>\n<meta name=\"robots\" content=\"index, follow, max-snippet:-1, max-image-preview:large, max-video-preview:-1\" \/>\n<link rel=\"canonical\" href=\"https:\/\/garcialaso.com\/blog\/resumen-2019\/\" \/>\n<meta property=\"og:locale\" content=\"es_ES\" \/>\n<meta property=\"og:type\" content=\"article\" \/>\n<meta property=\"og:title\" content=\"Mi resumen de 2019 con mis mejores deseos para estas fiestas &#8211; Blog Mercedes GarciaLaso | Psic\u00f3logo Logro\u00f1o\" \/>\n<meta property=\"og:description\" content=\"Como parece que s\u00f3lo escribo en este blog en estas fechas, se me ha ocurrido esta vez, para felicitaros las fiestas y el nuevo a\u00f1o, compartiros un peque\u00f1o resumen de mi 2019.\" \/>\n<meta property=\"og:url\" content=\"https:\/\/garcialaso.com\/blog\/resumen-2019\/\" \/>\n<meta property=\"og:site_name\" content=\"Blog Mercedes GarciaLaso | Psic\u00f3logo Logro\u00f1o\" \/>\n<meta property=\"article:publisher\" content=\"https:\/\/www.facebook.com\/mercedesgarcialaso\" \/>\n<meta property=\"article:author\" content=\"https:\/\/www.facebook.com\/mercedesgarcialaso\" \/>\n<meta property=\"article:published_time\" content=\"2019-12-16T11:53:07+00:00\" \/>\n<meta property=\"article:modified_time\" content=\"2019-12-16T12:36:47+00:00\" \/>\n<meta property=\"og:image\" content=\"https:\/\/garcialaso.com\/blog\/wp-content\/uploads\/2019\/12\/resumen-2019.png\" \/>\n\t<meta property=\"og:image:width\" content=\"799\" \/>\n\t<meta property=\"og:image:height\" content=\"799\" \/>\n\t<meta property=\"og:image:type\" content=\"image\/png\" \/>\n<meta name=\"author\" content=\"Mercedes Garcia Laso\" \/>\n<meta name=\"twitter:card\" content=\"summary_large_image\" \/>\n<meta name=\"twitter:creator\" content=\"@garcialaso\" \/>\n<meta name=\"twitter:site\" content=\"@garcialaso\" \/>\n<meta name=\"twitter:label1\" content=\"Escrito por\" \/>\n\t<meta name=\"twitter:data1\" content=\"Mercedes Garcia Laso\" \/>\n\t<meta name=\"twitter:label2\" content=\"Tiempo de lectura\" \/>\n\t<meta name=\"twitter:data2\" content=\"4 minutos\" \/>\n<script type=\"application\/ld+json\" class=\"yoast-schema-graph\">{\"@context\":\"https:\/\/schema.org\",\"@graph\":[{\"@type\":\"Article\",\"@id\":\"https:\/\/garcialaso.com\/blog\/resumen-2019\/#article\",\"isPartOf\":{\"@id\":\"https:\/\/garcialaso.com\/blog\/resumen-2019\/\"},\"author\":{\"name\":\"Mercedes Garcia Laso\",\"@id\":\"https:\/\/garcialaso.com\/blog\/#\/schema\/person\/3b390964103ffbefcb4c84de589aa814\"},\"headline\":\"Mi resumen de 2019 con mis mejores deseos para estas fiestas\",\"datePublished\":\"2019-12-16T11:53:07+00:00\",\"dateModified\":\"2019-12-16T12:36:47+00:00\",\"mainEntityOfPage\":{\"@id\":\"https:\/\/garcialaso.com\/blog\/resumen-2019\/\"},\"wordCount\":885,\"commentCount\":2,\"publisher\":{\"@id\":\"https:\/\/garcialaso.com\/blog\/#organization\"},\"image\":{\"@id\":\"https:\/\/garcialaso.com\/blog\/resumen-2019\/#primaryimage\"},\"thumbnailUrl\":\"https:\/\/garcialaso.com\/blog\/wp-content\/uploads\/2019\/12\/resumen-2019.png\",\"keywords\":[\"Cuaderno personal\"],\"articleSection\":[\"Otros GarciaLaso\"],\"inLanguage\":\"es\",\"potentialAction\":[{\"@type\":\"CommentAction\",\"name\":\"Comment\",\"target\":[\"https:\/\/garcialaso.com\/blog\/resumen-2019\/#respond\"]}]},{\"@type\":\"WebPage\",\"@id\":\"https:\/\/garcialaso.com\/blog\/resumen-2019\/\",\"url\":\"https:\/\/garcialaso.com\/blog\/resumen-2019\/\",\"name\":\"Mi resumen de 2019 con mis mejores deseos para estas fiestas &#8211; Blog Mercedes GarciaLaso | Psic\u00f3logo Logro\u00f1o\",\"isPartOf\":{\"@id\":\"https:\/\/garcialaso.com\/blog\/#website\"},\"primaryImageOfPage\":{\"@id\":\"https:\/\/garcialaso.com\/blog\/resumen-2019\/#primaryimage\"},\"image\":{\"@id\":\"https:\/\/garcialaso.com\/blog\/resumen-2019\/#primaryimage\"},\"thumbnailUrl\":\"https:\/\/garcialaso.com\/blog\/wp-content\/uploads\/2019\/12\/resumen-2019.png\",\"datePublished\":\"2019-12-16T11:53:07+00:00\",\"dateModified\":\"2019-12-16T12:36:47+00:00\",\"description\":\"Como parece que s\u00f3lo escribo en este blog en estas fechas, se me ha ocurrido esta vez, para felicitaros las fiestas y el nuevo a\u00f1o, compartiros un peque\u00f1o resumen de mi 2019.\",\"breadcrumb\":{\"@id\":\"https:\/\/garcialaso.com\/blog\/resumen-2019\/#breadcrumb\"},\"inLanguage\":\"es\",\"potentialAction\":[{\"@type\":\"ReadAction\",\"target\":[\"https:\/\/garcialaso.com\/blog\/resumen-2019\/\"]}]},{\"@type\":\"ImageObject\",\"inLanguage\":\"es\",\"@id\":\"https:\/\/garcialaso.com\/blog\/resumen-2019\/#primaryimage\",\"url\":\"https:\/\/garcialaso.com\/blog\/wp-content\/uploads\/2019\/12\/resumen-2019.png\",\"contentUrl\":\"https:\/\/garcialaso.com\/blog\/wp-content\/uploads\/2019\/12\/resumen-2019.png\",\"width\":799,\"height\":799},{\"@type\":\"BreadcrumbList\",\"@id\":\"https:\/\/garcialaso.com\/blog\/resumen-2019\/#breadcrumb\",\"itemListElement\":[{\"@type\":\"ListItem\",\"position\":1,\"name\":\"Portada\",\"item\":\"https:\/\/garcialaso.com\/blog\/\"},{\"@type\":\"ListItem\",\"position\":2,\"name\":\"Mi resumen de 2019 con mis mejores deseos para estas fiestas\"}]},{\"@type\":\"WebSite\",\"@id\":\"https:\/\/garcialaso.com\/blog\/#website\",\"url\":\"https:\/\/garcialaso.com\/blog\/\",\"name\":\"Blog Mercedes GarciaLaso | Psic\u00f3logo Logro\u00f1o\",\"description\":\"Maneja tus peque\u00f1as y grandes dificultades personales creciendo.\",\"publisher\":{\"@id\":\"https:\/\/garcialaso.com\/blog\/#organization\"},\"potentialAction\":[{\"@type\":\"SearchAction\",\"target\":{\"@type\":\"EntryPoint\",\"urlTemplate\":\"https:\/\/garcialaso.com\/blog\/?s={search_term_string}\"},\"query-input\":{\"@type\":\"PropertyValueSpecification\",\"valueRequired\":true,\"valueName\":\"search_term_string\"}}],\"inLanguage\":\"es\"},{\"@type\":\"Organization\",\"@id\":\"https:\/\/garcialaso.com\/blog\/#organization\",\"name\":\"Mercedes Garcialaso Psic\u00f3logo\",\"url\":\"https:\/\/garcialaso.com\/blog\/\",\"logo\":{\"@type\":\"ImageObject\",\"inLanguage\":\"es\",\"@id\":\"https:\/\/garcialaso.com\/blog\/#\/schema\/logo\/image\/\",\"url\":\"https:\/\/garcialaso.com\/blog\/wp-content\/uploads\/2015\/12\/avatar-garcialaso-1.jpg\",\"contentUrl\":\"https:\/\/garcialaso.com\/blog\/wp-content\/uploads\/2015\/12\/avatar-garcialaso-1.jpg\",\"width\":400,\"height\":400,\"caption\":\"Mercedes Garcialaso Psic\u00f3logo\"},\"image\":{\"@id\":\"https:\/\/garcialaso.com\/blog\/#\/schema\/logo\/image\/\"},\"sameAs\":[\"https:\/\/www.facebook.com\/mercedesgarcialaso\",\"https:\/\/x.com\/garcialaso\",\"http:\/\/mercedesgarcialaso\",\"https:\/\/www.linkedin.com\/in\/mercedesgarcialaso\",\"https:\/\/www.youtube.com\/channel\/UCl0dxRjWcEIXx1lQegoai7Q\"]},{\"@type\":\"Person\",\"@id\":\"https:\/\/garcialaso.com\/blog\/#\/schema\/person\/3b390964103ffbefcb4c84de589aa814\",\"name\":\"Mercedes Garcia Laso\",\"description\":\"Psic\u00f3logo cl\u00ednico especializado en psicoterapia y desarrollo personal.\",\"sameAs\":[\"https:\/\/garcialaso.com\/\",\"https:\/\/www.facebook.com\/mercedesgarcialaso\",\"https:\/\/x.com\/garcialaso\",\"garcialaso\"]}]}<\/script>\n<!-- \/ Yoast SEO plugin. -->","yoast_head_json":{"title":"Mi resumen de 2019 con mis mejores deseos para estas fiestas &#8211; Blog Mercedes GarciaLaso | Psic\u00f3logo Logro\u00f1o","description":"Como parece que s\u00f3lo escribo en este blog en estas fechas, se me ha ocurrido esta vez, para felicitaros las fiestas y el nuevo a\u00f1o, compartiros un peque\u00f1o resumen de mi 2019.","robots":{"index":"index","follow":"follow","max-snippet":"max-snippet:-1","max-image-preview":"max-image-preview:large","max-video-preview":"max-video-preview:-1"},"canonical":"https:\/\/garcialaso.com\/blog\/resumen-2019\/","og_locale":"es_ES","og_type":"article","og_title":"Mi resumen de 2019 con mis mejores deseos para estas fiestas &#8211; Blog Mercedes GarciaLaso | Psic\u00f3logo Logro\u00f1o","og_description":"Como parece que s\u00f3lo escribo en este blog en estas fechas, se me ha ocurrido esta vez, para felicitaros las fiestas y el nuevo a\u00f1o, compartiros un peque\u00f1o resumen de mi 2019.","og_url":"https:\/\/garcialaso.com\/blog\/resumen-2019\/","og_site_name":"Blog Mercedes GarciaLaso | Psic\u00f3logo Logro\u00f1o","article_publisher":"https:\/\/www.facebook.com\/mercedesgarcialaso","article_author":"https:\/\/www.facebook.com\/mercedesgarcialaso","article_published_time":"2019-12-16T11:53:07+00:00","article_modified_time":"2019-12-16T12:36:47+00:00","og_image":[{"width":799,"height":799,"url":"https:\/\/garcialaso.com\/blog\/wp-content\/uploads\/2019\/12\/resumen-2019.png","type":"image\/png"}],"author":"Mercedes Garcia Laso","twitter_card":"summary_large_image","twitter_creator":"@garcialaso","twitter_site":"@garcialaso","twitter_misc":{"Escrito por":"Mercedes Garcia Laso","Tiempo de lectura":"4 minutos"},"schema":{"@context":"https:\/\/schema.org","@graph":[{"@type":"Article","@id":"https:\/\/garcialaso.com\/blog\/resumen-2019\/#article","isPartOf":{"@id":"https:\/\/garcialaso.com\/blog\/resumen-2019\/"},"author":{"name":"Mercedes Garcia Laso","@id":"https:\/\/garcialaso.com\/blog\/#\/schema\/person\/3b390964103ffbefcb4c84de589aa814"},"headline":"Mi resumen de 2019 con mis mejores deseos para estas fiestas","datePublished":"2019-12-16T11:53:07+00:00","dateModified":"2019-12-16T12:36:47+00:00","mainEntityOfPage":{"@id":"https:\/\/garcialaso.com\/blog\/resumen-2019\/"},"wordCount":885,"commentCount":2,"publisher":{"@id":"https:\/\/garcialaso.com\/blog\/#organization"},"image":{"@id":"https:\/\/garcialaso.com\/blog\/resumen-2019\/#primaryimage"},"thumbnailUrl":"https:\/\/garcialaso.com\/blog\/wp-content\/uploads\/2019\/12\/resumen-2019.png","keywords":["Cuaderno personal"],"articleSection":["Otros GarciaLaso"],"inLanguage":"es","potentialAction":[{"@type":"CommentAction","name":"Comment","target":["https:\/\/garcialaso.com\/blog\/resumen-2019\/#respond"]}]},{"@type":"WebPage","@id":"https:\/\/garcialaso.com\/blog\/resumen-2019\/","url":"https:\/\/garcialaso.com\/blog\/resumen-2019\/","name":"Mi resumen de 2019 con mis mejores deseos para estas fiestas &#8211; Blog Mercedes GarciaLaso | Psic\u00f3logo Logro\u00f1o","isPartOf":{"@id":"https:\/\/garcialaso.com\/blog\/#website"},"primaryImageOfPage":{"@id":"https:\/\/garcialaso.com\/blog\/resumen-2019\/#primaryimage"},"image":{"@id":"https:\/\/garcialaso.com\/blog\/resumen-2019\/#primaryimage"},"thumbnailUrl":"https:\/\/garcialaso.com\/blog\/wp-content\/uploads\/2019\/12\/resumen-2019.png","datePublished":"2019-12-16T11:53:07+00:00","dateModified":"2019-12-16T12:36:47+00:00","description":"Como parece que s\u00f3lo escribo en este blog en estas fechas, se me ha ocurrido esta vez, para felicitaros las fiestas y el nuevo a\u00f1o, compartiros un peque\u00f1o resumen de mi 2019.","breadcrumb":{"@id":"https:\/\/garcialaso.com\/blog\/resumen-2019\/#breadcrumb"},"inLanguage":"es","potentialAction":[{"@type":"ReadAction","target":["https:\/\/garcialaso.com\/blog\/resumen-2019\/"]}]},{"@type":"ImageObject","inLanguage":"es","@id":"https:\/\/garcialaso.com\/blog\/resumen-2019\/#primaryimage","url":"https:\/\/garcialaso.com\/blog\/wp-content\/uploads\/2019\/12\/resumen-2019.png","contentUrl":"https:\/\/garcialaso.com\/blog\/wp-content\/uploads\/2019\/12\/resumen-2019.png","width":799,"height":799},{"@type":"BreadcrumbList","@id":"https:\/\/garcialaso.com\/blog\/resumen-2019\/#breadcrumb","itemListElement":[{"@type":"ListItem","position":1,"name":"Portada","item":"https:\/\/garcialaso.com\/blog\/"},{"@type":"ListItem","position":2,"name":"Mi resumen de 2019 con mis mejores deseos para estas fiestas"}]},{"@type":"WebSite","@id":"https:\/\/garcialaso.com\/blog\/#website","url":"https:\/\/garcialaso.com\/blog\/","name":"Blog Mercedes GarciaLaso | Psic\u00f3logo Logro\u00f1o","description":"Maneja tus peque\u00f1as y grandes dificultades personales creciendo.","publisher":{"@id":"https:\/\/garcialaso.com\/blog\/#organization"},"potentialAction":[{"@type":"SearchAction","target":{"@type":"EntryPoint","urlTemplate":"https:\/\/garcialaso.com\/blog\/?s={search_term_string}"},"query-input":{"@type":"PropertyValueSpecification","valueRequired":true,"valueName":"search_term_string"}}],"inLanguage":"es"},{"@type":"Organization","@id":"https:\/\/garcialaso.com\/blog\/#organization","name":"Mercedes Garcialaso Psic\u00f3logo","url":"https:\/\/garcialaso.com\/blog\/","logo":{"@type":"ImageObject","inLanguage":"es","@id":"https:\/\/garcialaso.com\/blog\/#\/schema\/logo\/image\/","url":"https:\/\/garcialaso.com\/blog\/wp-content\/uploads\/2015\/12\/avatar-garcialaso-1.jpg","contentUrl":"https:\/\/garcialaso.com\/blog\/wp-content\/uploads\/2015\/12\/avatar-garcialaso-1.jpg","width":400,"height":400,"caption":"Mercedes Garcialaso Psic\u00f3logo"},"image":{"@id":"https:\/\/garcialaso.com\/blog\/#\/schema\/logo\/image\/"},"sameAs":["https:\/\/www.facebook.com\/mercedesgarcialaso","https:\/\/x.com\/garcialaso","http:\/\/mercedesgarcialaso","https:\/\/www.linkedin.com\/in\/mercedesgarcialaso","https:\/\/www.youtube.com\/channel\/UCl0dxRjWcEIXx1lQegoai7Q"]},{"@type":"Person","@id":"https:\/\/garcialaso.com\/blog\/#\/schema\/person\/3b390964103ffbefcb4c84de589aa814","name":"Mercedes Garcia Laso","description":"Psic\u00f3logo cl\u00ednico especializado en psicoterapia y desarrollo personal.","sameAs":["https:\/\/garcialaso.com\/","https:\/\/www.facebook.com\/mercedesgarcialaso","https:\/\/x.com\/garcialaso","garcialaso"]}]}},"_links":{"self":[{"href":"https:\/\/garcialaso.com\/blog\/wp-json\/wp\/v2\/posts\/1751","targetHints":{"allow":["GET"]}}],"collection":[{"href":"https:\/\/garcialaso.com\/blog\/wp-json\/wp\/v2\/posts"}],"about":[{"href":"https:\/\/garcialaso.com\/blog\/wp-json\/wp\/v2\/types\/post"}],"author":[{"embeddable":true,"href":"https:\/\/garcialaso.com\/blog\/wp-json\/wp\/v2\/users\/2"}],"replies":[{"embeddable":true,"href":"https:\/\/garcialaso.com\/blog\/wp-json\/wp\/v2\/comments?post=1751"}],"version-history":[{"count":7,"href":"https:\/\/garcialaso.com\/blog\/wp-json\/wp\/v2\/posts\/1751\/revisions"}],"predecessor-version":[{"id":1762,"href":"https:\/\/garcialaso.com\/blog\/wp-json\/wp\/v2\/posts\/1751\/revisions\/1762"}],"wp:featuredmedia":[{"embeddable":true,"href":"https:\/\/garcialaso.com\/blog\/wp-json\/wp\/v2\/media\/1753"}],"wp:attachment":[{"href":"https:\/\/garcialaso.com\/blog\/wp-json\/wp\/v2\/media?parent=1751"}],"wp:term":[{"taxonomy":"category","embeddable":true,"href":"https:\/\/garcialaso.com\/blog\/wp-json\/wp\/v2\/categories?post=1751"},{"taxonomy":"post_tag","embeddable":true,"href":"https:\/\/garcialaso.com\/blog\/wp-json\/wp\/v2\/tags?post=1751"}],"curies":[{"name":"wp","href":"https:\/\/api.w.org\/{rel}","templated":true}]}}